{"id":23592,"date":"2026-01-14T20:13:08","date_gmt":"2026-01-14T20:13:08","guid":{"rendered":"https:\/\/www.europesays.com\/africa\/23592\/"},"modified":"2026-01-14T20:13:08","modified_gmt":"2026-01-14T20:13:08","slug":"visas-suspendus-pour-les-citoyens-de-75-pays-dont-lalgerie-le-maroc-et-la-tunisie","status":"publish","type":"post","link":"https:\/\/www.europesays.com\/africa\/23592\/","title":{"rendered":"visas suspendus pour les citoyens de 75 pays, dont l\u2019Alg\u00e9rie, le Maroc et la Tunisie"},"content":{"rendered":"<p class=\"p1\">Les \u00c9tats-Unis ont annonc\u00e9 ce mercredi 14 janvier la suspension de traitement des demandes de visas pour les ressortissants de 75 pays \u00e0 travers le monde, dont l\u2019Alg\u00e9rie, le Maroc et la Tunisie.<\/p>\n<p class=\"p1\">Apr\u00e8s avoir d\u00e9cid\u00e9 d\u2019imposer une\u00a0<a href=\"https:\/\/www.visa-algerie.com\/visa-usa-une-caution-pouvant-atteindre-15-000-desormais-exigee-des-algeriens\/\" rel=\"nofollow noopener\" target=\"_blank\">caution aux visiteurs de 38 pays<\/a>, dont les Alg\u00e9riens, le d\u00e9partement d\u2019\u00c9tat am\u00e9ricain a annonc\u00e9 ce mercredi soir\u00a0la suspension pure et simple de la d\u00e9livrance des visas pour les ressortissants de plusieurs dizaines de pays.<\/p>\n<p>NOS VIDEOS\u00a0<\/p>\n<p>Les Alg\u00e9riens, Marocains et Tunisiens ne pourront plus demander un visa pour les USA<\/p>\n<p class=\"p1\">\u00c0 partir du 21 janvier, les \u00c9tats-Unis vont en effet geler les proc\u00e9dures de visas pour les visiteurs de 75 pays, une liste qui comprend notamment les trois pays du Maghreb, l\u2019Alg\u00e9rie, le Maroc et la Tunisie, ainsi que plusieurs autres pays africains, selon <a href=\"https:\/\/www.foxnews.com\/politics\/us-freezes-all-visa-processing-75-countries-including-somalia-russia-iran\" rel=\"nofollow noopener\" target=\"_blank\">Fox News.<\/a><\/p>\n<p class=\"p1\">\u00ab\u00a0Le d\u00e9partement d\u2019\u00c9tat suspendra le traitement des visas d\u2019immigrants provenant de 75 pays dont les migrants b\u00e9n\u00e9ficient \u00e0 un rythme inacceptable de l\u2019aide sociale am\u00e9ricaine\u00a0\u00bb, indique l\u2019administratif am\u00e9ricain sur X.<\/p>\n<p dir=\"ltr\" lang=\"en\">The State Department will pause immigrant visa processing from 75 countries whose migrants take welfare from the American people at unacceptable rates. The freeze will remain active until the U.S. can ensure that new immigrants will not extract wealth from the American people.<\/p>\n<p>\u2014 Department of State (@StateDept) <a href=\"https:\/\/twitter.com\/StateDept\/status\/2011478657680757214?ref_src=twsrc%5Etfw\" rel=\"nofollow noopener\" target=\"_blank\">January 14, 2026<\/a><\/p>\n<p class=\"p1\">Cette suspension \u00ab\u00a0restera en vigueur jusqu\u2019\u00e0 ce que les \u00c9tats-Unis puissent garantir que les nouveaux immigrants ne puiseront pas dans la richesse du peuple am\u00e9ricain\u00a0\u00bb, ajoute la m\u00eame source.<\/p>\n<p class=\"p1\">Concr\u00e8tement, la suspension des proc\u00e9dures de traitement des demandes de visas se poursuivra jusqu\u2019\u00e0 ce que le d\u00e9partement d\u2019\u00c9tat arrive \u00e0 bout d\u2019une r\u00e9\u00e9valuation du traitement des visas d\u2019immigrant.<\/p>\n<p class=\"p1\">\u00c0 noter que cette mesure s\u2019inscrit dans le cadre de la politique migratoire extr\u00eamement restrictive men\u00e9e par le pr\u00e9sident am\u00e9ricain Donald Trump, depuis son retour au pouvoir. En novembre dernier, l\u2019administration Trump a en effet instruit\u00a0<a href=\"https:\/\/www.visa-algerie.com\/visa-pour-les-usa-lambassade-en-algerie-repond-aux-questions-des-internautes-algeriens\/\" rel=\"nofollow noopener\" target=\"_blank\">les agents consulaires<\/a>\u00a0d\u2019appliquer de nouvelles r\u00e8gles de contr\u00f4le strictes.<\/p>\n<p>Emp\u00eacher l\u2019entr\u00e9e des \u00e9trangers qui b\u00e9n\u00e9ficieraient de l\u2019aide sociale<\/p>\n<p class=\"p1\">La directive porte essentiellement sur le refus des visas aux demandeurs jug\u00e9s susceptibles de d\u00e9pendre des prestations sociales, en tenant compte d\u2019un large \u00e9ventail de facteurs, notamment la sant\u00e9, l\u2019\u00e2ge, la ma\u00eetrise de l\u2019anglais, la situation financi\u00e8re et m\u00eame le besoin potentiel de soins m\u00e9dicaux \u00e0 long terme.<\/p>\n<p class=\"p1\">Quelques mois apr\u00e8s, les \u00c9tats-Unis ont d\u00e9cid\u00e9 de passer \u00e0 la vitesse sup\u00e9rieure, en suspendant les visas pour 75 pays, \u00ab\u00a0pendant que le d\u00e9partement d\u2019\u00c9tat r\u00e9\u00e9value les proc\u00e9dures de traitement des demandes afin d\u2019emp\u00eacher l\u2019entr\u00e9e de ressortissants \u00e9trangers qui b\u00e9n\u00e9ficieraient de l\u2019aide sociale et des prestations publiques \u00bb, pr\u00e9cise-t-on.<\/p>\n<p class=\"p1\">Entre autres pays concern\u00e9s, on citera l\u2019Afghanistan, l\u2019Albanie, la Bi\u00e9lorussie, le Br\u00e9sil, le Cameroun, le Cap-Vert,\u00a0la C\u00f4te d\u2019Ivoire, l\u2019\u00c9gypte, l\u2019\u00c9rythr\u00e9e, l\u2019\u00c9thiopie, la Russie, le Rwanda, le S\u00e9n\u00e9gal, la Somalie, le Y\u00e9men\u2026<\/p>\n<p>                            <script async src=\"https:\/\/platform.twitter.com\/widgets.js\" charset=\"utf-8\"><\/script><\/p>\n","protected":false},"excerpt":{"rendered":"Les \u00c9tats-Unis ont annonc\u00e9 ce mercredi 14 janvier la suspension de traitement des demandes de visas pour les&hellip;\n","protected":false},"author":2,"featured_media":23593,"comment_status":"","ping_status":"","sticky":false,"template":"","format":"standard","meta":{"footnotes":""},"categories":[254],"tags":[255,14488],"class_list":{"0":"post-23592","1":"post","2":"type-post","3":"status-publish","4":"format-standard","5":"has-post-thumbnail","7":"category-algerie","8":"tag-algerie","9":"tag-usa-suspension-visa-algeriens"},"share_on_mastodon":{"url":"","error":""},"_links":{"self":[{"href":"https:\/\/www.europesays.com\/africa\/wp-json\/wp\/v2\/posts\/23592","targetHints":{"allow":["GET"]}}],"collection":[{"href":"https:\/\/www.europesays.com\/africa\/wp-json\/wp\/v2\/posts"}],"about":[{"href":"https:\/\/www.europesays.com\/africa\/wp-json\/wp\/v2\/types\/post"}],"author":[{"embeddable":true,"href":"https:\/\/www.europesays.com\/africa\/wp-json\/wp\/v2\/users\/2"}],"replies":[{"embeddable":true,"href":"https:\/\/www.europesays.com\/africa\/wp-json\/wp\/v2\/comments?post=23592"}],"version-history":[{"count":0,"href":"https:\/\/www.europesays.com\/africa\/wp-json\/wp\/v2\/posts\/23592\/revisions"}],"wp:featuredmedia":[{"embeddable":true,"href":"https:\/\/www.europesays.com\/africa\/wp-json\/wp\/v2\/media\/23593"}],"wp:attachment":[{"href":"https:\/\/www.europesays.com\/africa\/wp-json\/wp\/v2\/media?parent=23592"}],"wp:term":[{"taxonomy":"category","embeddable":true,"href":"https:\/\/www.europesays.com\/africa\/wp-json\/wp\/v2\/categories?post=23592"},{"taxonomy":"post_tag","embeddable":true,"href":"https:\/\/www.europesays.com\/africa\/wp-json\/wp\/v2\/tags?post=23592"}],"curies":[{"name":"wp","href":"https:\/\/api.w.org\/{rel}","templated":true}]}}