{"id":23596,"date":"2026-01-14T20:15:08","date_gmt":"2026-01-14T20:15:08","guid":{"rendered":"https:\/\/www.europesays.com\/africa\/23596\/"},"modified":"2026-01-14T20:15:08","modified_gmt":"2026-01-14T20:15:08","slug":"direct-nigeria-maroc-suivez-le-match","status":"publish","type":"post","link":"https:\/\/www.europesays.com\/africa\/23596\/","title":{"rendered":"DIRECT. Nigeria &#8211; Maroc\u00a0: suivez le match"},"content":{"rendered":"<p>                                    Ce mercredi \u00e0 Rabat, le Maroc affronte le Nigeria en demi-finale de la CAN 2025, un choc monumental qui ressemble fort \u00e0 une finale avant l&#8217;heure.\n                            <\/p>\n<p><a name=\"post1768421563\"\/>21:12 &#8211; 12&#8242; &#8211; Domination marocaine<\/p>\n<p>Les Lions d&#8217;Atlas ont clairement pris le jeu \u00e0 leur compte face \u00e0 une \u00e9quipe Nig\u00e9riane regroup\u00e9e mais capable de surgir en contre<\/p>\n<p><a name=\"post1768421341\"\/>21:09 &#8211; 9&#8242; &#8211; Brahim Diaz tente sa chance<\/p>\n<p>Apr\u00e8s un d\u00e9bordement sur l&#8217;aile droite, Brahim Diaz tente d&#8217;envelopper une frappe du pied gauche, \u00e7a passe de peu \u00e0 c\u00f4t\u00e9 des buts adverses. Grosse occasion pour les Marocains<\/p>\n<p><a name=\"post1768421220\"\/>21:07 &#8211; 6&#8242; &#8211; Hakimi bien surveill\u00e9<\/p>\n<p>Le capitaine marocain est bien musel\u00e9 dans ce d\u00e9but de match \u00e0 l&#8217;image d&#8217;une l\u00e9g\u00e8re faute d&#8217;Onyedika sur lui, sanctionn\u00e9e par l&#8217;arbitre<\/p>\n<p><a name=\"post1768421028\"\/>21:03 &#8211; 3&#8242; &#8211; Superbe tacle d&#8217;Ajayi<\/p>\n<p>Sur un ballon perdu par la d\u00e9fense des Super Eagles, Saibari avant vers la surface adverse, arme une frappe mais il voit Ajayi surgir et tacler le cuir au dernier moment. Superbe intervention d\u00e9fensive du Nig\u00e9rian<\/p>\n<p><a name=\"post1768420974\"\/>21:02 &#8211; 2&#8242; &#8211; Pressing haut des Nigerians<\/p>\n<p>D\u00e8s les premi\u00e8res minutes on constate un pressing tr\u00e8s haut des Nig\u00e9rians \u00e0 l&#8217;image de celui d&#8217;Osmihen sur Bono<\/p>\n<p><a name=\"post1768420870\"\/>21:01 &#8211; C&#8217;est parti !<\/p>\n<p>Le coup d&#8217;envoi de cette demi-finale Nigeria &#8211; Maroc a \u00e9t\u00e9 donn\u00e9 !<\/p>\n<p><a name=\"post1768420621\"\/>20:57 &#8211; Un record \u00e0 battre<\/p>\n<p>Le Nigeria qui a d\u00e9j\u00e0 marqu\u00e9 14 buts lors de cette Coupe d&#8217;Afrique ne sont plus qu&#8217;\u00e0 2 buts d&#8217;atteindre le record des Ivoiriens lors d&#8217;une m\u00eame \u00e9dition (16 buts en 2008)<\/p>\n<p><a name=\"post1768420475\"\/>20:54 &#8211; Entr\u00e9e des 22 acteurs<\/p>\n<p>Les deux \u00e9quipes font leur apparition sur la pelouse du stade Moulay Abdellah. Place aux hymnes !<\/p>\n<p><a name=\"post1768420140\"\/>20:49 &#8211; Il n&#8217;y a pas de plan contre un joueur<\/p>\n<p>Interrog\u00e9 par les micros de Bein Sports, Eric Chelle a avou\u00e9 qu&#8217;il n&#8217;y a pas de plan sp\u00e9cifique contre Brahim Diaz &#8220;On va jouer avec beaucoup d&#8217;envie et un bon \u00e9tat d&#8217;esprit. Il n&#8217;y a pas un plan particulier contre un joueur m\u00eame l&#8217;\u00e9quipe marocaine a de tr\u00e8s bons joueurs, il faut se focaliser sur nous m\u00eame. Maintenant c&#8217;est une demi-finale de la Coupe d&#8217;Afrique, il faut vivre le moment pr\u00e9sent et prendre du plaisir&#8221;<\/p>\n<p><a name=\"post1768419720\"\/>20:42 &#8211; L&#8217;arbitre de la rencontre<\/p>\n<p>C&#8217;est le Ghan\u00e9en\u00a0Daniel Laryea qui dirigera cette demi-finale entre le Nigeria et le Maroc. Son arbitrage lors de la rencontre Alg\u00e9rie &#8211; Burkina Faso a \u00e9t\u00e9 vivement critiqu\u00e9 par les Burkinab\u00e9s<\/p>\n<p><a name=\"post1768419300\"\/>20:35 &#8211; Aucun duel depuis 22 ans<\/p>\n<p>Le Nigeria et le Maroc ne se sont plus affront\u00e9s sur la sc\u00e8ne internationale depuis 2004, c&#8217;\u00e9tait lors du premier tour de la Coupe d&#8217;Afrique 2004 avec un succ\u00e8s des Marocains 1-0. Le dernier succ\u00e8s des Super Eagles remonte \u00e0 la CAN 2000 (victoire 2-0 au 1er tour)<\/p>\n<p><a name=\"post1768418880\"\/>20:28 &#8211; On a \u00e9t\u00e9 l\u00e9s\u00e9s nous aussi<\/p>\n<p>Walid Regragui est revenu sans d\u00e9tour sur les pol\u00e9miques li\u00e9es \u00e0 l\u2019arbitrage et au statut de pays h\u00f4te du Maroc \u00e0 la <a href=\"https:\/\/www.linternaute.com\/sport\/competitions\/9447815-can-2025-quelle-date-pour-la-finale-les-scores-et-resultats\/\" title=\"CAN 2025\" rel=\"nofollow noopener\" target=\"_blank\">CAN 2025<\/a>. Accus\u00e9s par certains observateurs d\u2019\u00eatre favoris\u00e9s, les Lions de l\u2019Atlas seraient au contraire victimes d\u2019une lecture biais\u00e9e des faits, selon leur s\u00e9lectionneur. \u00ab Sur le continent africain, il y a toujours eu des pol\u00e9miques et des doutes, mais elles existent partout, en Afrique comme en Europe \u00bb, a rappel\u00e9 le technicien marocain, estimant que son \u00e9quipe avait \u00e9galement subi des d\u00e9cisions d\u00e9favorables depuis le d\u00e9but du tournoi. Regragui regrette surtout que la r\u00e9ussite marocaine soit parfois minimis\u00e9e du seul fait de l\u2019organisation de la comp\u00e9tition. \u00ab Parce qu\u2019on est le pays h\u00f4te, on essaie de d\u00e9valoriser nos performances \u00bb, a-t-il d\u00e9nonc\u00e9, avant d\u2019insister sur l\u2019essentiel : \u00ab Nous, on parle de terrain, pas d\u2019arbitres \u00bb.<\/p>\n<p><a name=\"post1768418040\"\/>20:14 &#8211; Commencer par bien d\u00e9fendre<\/p>\n<p>Eric Chelle, le s\u00e9lectionneur nig\u00e9rian a quelque peu surpris son auditoire hier en conf\u00e9rence de presse en assurant que ses joueurs vont laisser le ballon aux Marocains en d\u00e9but de match &#8220;\u00ab\u00a0Je trouve que mon groupe est fatigu\u00e9e, il va peut \u00eatre falloir que je change mon fusil d\u2019\u00e9paule. On va peut \u00eatre laisser le ballon au Maroc et les attendre. On a vu qu\u2019ils sont en difficult\u00e9s quand ils jouent face \u00e0 un bloc bas. On va commencer comme \u00e7a je pense. On va tenir en premi\u00e8re p\u00e9riode et essayer de jouer notre jeu en deuxi\u00e8me p\u00e9riode.&#8221;<\/p>\n<p><a name=\"post1768417620\"\/>20:07 &#8211; Sur quelle cha\u00eene TV est diffus\u00e9e la rencontre ?<\/p>\n<p>Cette rencontre sera diffus\u00e9e sur\u00a0 la cha\u00eene Bein Sports 1.\u00a0Pour visionner le match en streaming, les abonn\u00e9s peuvent se connecter sur la plateforme Bein Connect.<\/p>\n<p><a name=\"post1768417200\"\/>20:00 &#8211; Onyedika remplace Ndidi<\/p>\n<p>C\u00f4t\u00e9 Nig\u00e9rian, le milieu d\u00e9fensif de FC Bruges, Raphael Onyedika remplacera le capitaine Wilfred Ndidi (suspendu). Le onze concoct\u00e9 par Eric Chelle est comme suit:\u00a0Nwabali &#8211; Osayi-Samuel, Ajayi, Bassey, Onyemaechi &#8211; Onyeka, Onyedika, Iwobi &#8211; Lookman, Adams, Osimhen<\/p>\n<p><a name=\"post1768416780\"\/>19:53 &#8211; Le trident nig\u00e9rian redout\u00e9<\/p>\n<p>Le s\u00e9lectionneur marocain, Walid Regragui, a mis l&#8217;accent sur la force de l&#8217;\u00e9quipe nig\u00e9riane hier en conf\u00e9rence de presse, pour lui, il ne fait aucun doute que c&#8217;est le trident offensif qui apporte un grand plus \u00e0 cette s\u00e9lection &#8220;Il n\u2019y pas photo entre le Cameroun et le Nig\u00e9ria, c\u2019est 17 demi-finales de CAN! Eric Chelle est un coach exp\u00e9riment\u00e9 et le trio de devant est infernal! Osimhen, Lookman et Akor Adams, c\u2019est infernal. J\u2019ai assist\u00e9 moi-m\u00eame \u00e0 la demi-finale de 2004 Maroc-Mali, et j\u2019ai encore des regrets. Au moins, la nouvelle g\u00e9n\u00e9ration va vivre une demi-finale.&#8221;<\/p>\n<p><a name=\"post1768416360\"\/>19:46 &#8211; La compo marocaine<\/p>\n<p>Pas de grosses surprises de la part de Walid Regragui dans la composition de d\u00e9part du c\u00f4t\u00e9 des Lions d&#8217;Atlas. C&#8217;est exactement le m\u00eame groupe qui a d\u00e9but face au Cameroun. Le onze entrant est comme suit :\u00a0Bono &#8211; Hakimi, Aguerd, Masina, Mazraoui &#8211; El Khannouss, El Aynaoui, Saibari &#8211; Diaz, Ezzalzouli, El Kaabi<\/p>\n<p>&#13;<\/p>\n<p dir=\"ltr\" lang=\"in\">???? ???????? ???????? ???????? ???????????????????? ???????? ???????????????? ???????? ???????????????????????????? ???????? \u2d51 \u26a1\ufe0f<\/p>\n<p>???????????????????????? ???????? ???????????????????? ???????? <a href=\"https:\/\/t.co\/aOqoZLOMCv\" rel=\"nofollow\">pic.twitter.com\/aOqoZLOMCv<\/a><\/p>\n<p>&#13;<br \/>\n\u2014 JMA Morocco ???????? (@JMA_Morocco) <a href=\"https:\/\/twitter.com\/JMA_Morocco\/status\/2011506376279834907?ref_src=twsrc%5Etfw\" rel=\"nofollow noopener\" target=\"_blank\">January 14, 2026<\/a>&#13;<br \/>\n<a name=\"post1768416000\"\/>19:40 &#8211; En route pour la finale !<\/p>\n<p>Bienvenue sur notre site ! Nous allons suivre avec vous la deuxi\u00e8me demi-finale de la CAN entre le Nig\u00e9ria &#8211; Maroc. Une rencontre qui se tiendra \u00e0 Rabat au stade Prince Moulay Abdallah d\u00e9butera \u00e0 21h<\/p>\n<p>&#13;<\/p>\n<p dir=\"ltr\" lang=\"en\">What u should know about the Nigeria ???????? vs Morocco ???????? match tonight. ????<\/p>\n<p>-Nigeria are undefeated in this tournament so far, winning all 5 matches to reach this stage.<\/p>\n<p>-While on the other hand Morocco as hosts, also come with strong form and huge home support, looking to &#8230;???? <a href=\"https:\/\/t.co\/Rtf5zW2uen\" rel=\"nofollow\">pic.twitter.com\/Rtf5zW2uen<\/a><\/p>\n<p>&#13;<br \/>\n\u2014 OFFLYNE TRADES???? (@realjagoofabuja) <a href=\"https:\/\/twitter.com\/realjagoofabuja\/status\/2011505515516572094?ref_src=twsrc%5Etfw\" rel=\"nofollow noopener\" target=\"_blank\">January 14, 2026<\/a>&#13;<br \/>\n<script async src=\"https:\/\/platform.twitter.com\/widgets.js\" charset=\"utf-8\"><\/script><\/p>\n","protected":false},"excerpt":{"rendered":"Ce mercredi \u00e0 Rabat, le Maroc affronte le Nigeria en demi-finale de la CAN 2025, un choc monumental&hellip;\n","protected":false},"author":2,"featured_media":23597,"comment_status":"","ping_status":"","sticky":false,"template":"","format":"standard","meta":{"footnotes":""},"categories":[41],"tags":[179,14121,249,252,251,158,253],"class_list":{"0":"post-23596","1":"post","2":"type-post","3":"status-publish","4":"format-standard","5":"has-post-thumbnail","7":"category-maroc","8":"tag-can-2025","9":"tag-cms-linternaute-9633898","10":"tag-controller-content","11":"tag-foot","12":"tag-format-papier","13":"tag-maroc","14":"tag-parallaxeinfeed"},"share_on_mastodon":{"url":"","error":""},"_links":{"self":[{"href":"https:\/\/www.europesays.com\/africa\/wp-json\/wp\/v2\/posts\/23596","targetHints":{"allow":["GET"]}}],"collection":[{"href":"https:\/\/www.europesays.com\/africa\/wp-json\/wp\/v2\/posts"}],"about":[{"href":"https:\/\/www.europesays.com\/africa\/wp-json\/wp\/v2\/types\/post"}],"author":[{"embeddable":true,"href":"https:\/\/www.europesays.com\/africa\/wp-json\/wp\/v2\/users\/2"}],"replies":[{"embeddable":true,"href":"https:\/\/www.europesays.com\/africa\/wp-json\/wp\/v2\/comments?post=23596"}],"version-history":[{"count":0,"href":"https:\/\/www.europesays.com\/africa\/wp-json\/wp\/v2\/posts\/23596\/revisions"}],"wp:featuredmedia":[{"embeddable":true,"href":"https:\/\/www.europesays.com\/africa\/wp-json\/wp\/v2\/media\/23597"}],"wp:attachment":[{"href":"https:\/\/www.europesays.com\/africa\/wp-json\/wp\/v2\/media?parent=23596"}],"wp:term":[{"taxonomy":"category","embeddable":true,"href":"https:\/\/www.europesays.com\/africa\/wp-json\/wp\/v2\/categories?post=23596"},{"taxonomy":"post_tag","embeddable":true,"href":"https:\/\/www.europesays.com\/africa\/wp-json\/wp\/v2\/tags?post=23596"}],"curies":[{"name":"wp","href":"https:\/\/api.w.org\/{rel}","templated":true}]}}