{"id":23635,"date":"2026-01-14T20:39:13","date_gmt":"2026-01-14T20:39:13","guid":{"rendered":"https:\/\/www.europesays.com\/africa\/23635\/"},"modified":"2026-01-14T20:39:13","modified_gmt":"2026-01-14T20:39:13","slug":"etats-unis-gel-des-visas-dimmigrant-pour-75-pays-dont-26-en-afrique","status":"publish","type":"post","link":"https:\/\/www.europesays.com\/africa\/23635\/","title":{"rendered":"\u00c9tats-Unis : gel des visas d\u2019immigrant pour 75 pays, dont 26 en Afrique"},"content":{"rendered":"<p>Les \u00c9tats-Unis ont annonc\u00e9 mercredi le gel des proc\u00e9dures de visas d\u2019immigrant pour 75 pays, dont 26 pays africains. Une d\u00e9cision qui s\u2019inscrit dans le cadre du durcissement de la politique migratoire engag\u00e9 par Donald Trump depuis son retour au pouvoir. <\/p>\n<p>Ces visas concernent les personnes souhaitant s\u2019installer durablement aux \u00c9tats-Unis. La mesure entrera en vigueur le 21 janvier et ne s\u2019appliquera pas aux visas de non-immigrant, notamment les visas temporaires de tourisme ou d\u2019affaires. Selon le d\u00e9partement d\u2019\u00c9tat, ce gel restera en place tant que les autorit\u00e9s am\u00e9ricaines ne seront pas en mesure de garantir que les nouveaux immigrants ne deviendront pas une charge pour les finances publiques. Washington affirme vouloir mettre fin \u00e0 ce qu\u2019elle consid\u00e8re comme un abus du syst\u00e8me d\u2019immigration. <\/p>\n<p>Ce durcissement s\u2019accompagne d\u2019une intensification des contr\u00f4les. Le d\u00e9partement d\u2019\u00c9tat indique avoir r\u00e9voqu\u00e9 plus de 100 000 visas depuis le retour de Donald Trump, un chiffre record sur un an. De son c\u00f4t\u00e9, le minist\u00e8re de la S\u00e9curit\u00e9 int\u00e9rieure affirme que plus de 605 000 personnes ont \u00e9t\u00e9 expuls\u00e9es au cours des derniers mois, tandis que 2,5 millions d\u2019autres auraient quitt\u00e9 le territoire am\u00e9ricain volontairement. <\/p>\n<p>Une politique migratoire de plus en plus stricte, qui suscite de vives inqui\u00e9tudes dans les pays concern\u00e9s, notamment en Afrique.<\/p>\n","protected":false},"excerpt":{"rendered":"Les \u00c9tats-Unis ont annonc\u00e9 mercredi le gel des proc\u00e9dures de visas d\u2019immigrant pour 75 pays, dont 26 pays&hellip;\n","protected":false},"author":2,"featured_media":23636,"comment_status":"","ping_status":"","sticky":false,"template":"","format":"standard","meta":{"footnotes":""},"categories":[62],"tags":[64],"class_list":{"0":"post-23635","1":"post","2":"type-post","3":"status-publish","4":"format-standard","5":"has-post-thumbnail","7":"category-afrique","8":"tag-afrique"},"share_on_mastodon":{"url":"","error":""},"_links":{"self":[{"href":"https:\/\/www.europesays.com\/africa\/wp-json\/wp\/v2\/posts\/23635","targetHints":{"allow":["GET"]}}],"collection":[{"href":"https:\/\/www.europesays.com\/africa\/wp-json\/wp\/v2\/posts"}],"about":[{"href":"https:\/\/www.europesays.com\/africa\/wp-json\/wp\/v2\/types\/post"}],"author":[{"embeddable":true,"href":"https:\/\/www.europesays.com\/africa\/wp-json\/wp\/v2\/users\/2"}],"replies":[{"embeddable":true,"href":"https:\/\/www.europesays.com\/africa\/wp-json\/wp\/v2\/comments?post=23635"}],"version-history":[{"count":0,"href":"https:\/\/www.europesays.com\/africa\/wp-json\/wp\/v2\/posts\/23635\/revisions"}],"wp:featuredmedia":[{"embeddable":true,"href":"https:\/\/www.europesays.com\/africa\/wp-json\/wp\/v2\/media\/23636"}],"wp:attachment":[{"href":"https:\/\/www.europesays.com\/africa\/wp-json\/wp\/v2\/media?parent=23635"}],"wp:term":[{"taxonomy":"category","embeddable":true,"href":"https:\/\/www.europesays.com\/africa\/wp-json\/wp\/v2\/categories?post=23635"},{"taxonomy":"post_tag","embeddable":true,"href":"https:\/\/www.europesays.com\/africa\/wp-json\/wp\/v2\/tags?post=23635"}],"curies":[{"name":"wp","href":"https:\/\/api.w.org\/{rel}","templated":true}]}}