{"id":23680,"date":"2026-01-14T21:07:12","date_gmt":"2026-01-14T21:07:12","guid":{"rendered":"https:\/\/www.europesays.com\/africa\/23680\/"},"modified":"2026-01-14T21:07:12","modified_gmt":"2026-01-14T21:07:12","slug":"resultat-senegal-egypte-1-0-demi-finales-de-coupe-dafrique-des-nations-2025-morocco-14-01","status":"publish","type":"post","link":"https:\/\/www.europesays.com\/africa\/23680\/","title":{"rendered":"R\u00e9sultat S\u00e9n\u00e9gal &#8211; \u00c9gypte (1-0) Demi-finales de Coupe d&#8217;Afrique des Nations 2025 Morocco 14\/01"},"content":{"rendered":"<p>        Demi-finales de Coupe d&#8217;Afrique des Nations &#8211; mercredi 14 janvier 2026<\/p>\n<p>Bienvenue sur le live de FootMercato pour suivre ce match de football en direct entre S\u00e9n\u00e9gal et \u00c9gypte (Coupe d&#8217;Afrique des Nations, Demi-finales)<\/p>\n<p>Suivez en live sur Foot Mercato, le match de Demi-finales de Coupe d&#8217;Afrique des Nations entre S\u00e9n\u00e9gal et \u00c9gypte. Ce match aura lieu le mercredi 14 janvier 2026 \u00e0 18:00. Retrouvez les stats, les compositions, les buts et les buteurs pour suivre le score en direct. N&#8217;h\u00e9sitez pas \u00e0 commenter et d\u00e9battre du match en direct avec la communaut\u00e9.<\/p>\n<p>Vous pouvez aussi retrouver plus d\u2019informations concernant les \u00e9quipes et effectifs gr\u00e2ce \u00e0 nos fiches d\u00e9taill\u00e9es : <a href=\"https:\/\/www.footmercato.net\/selection\/senegal\/\" rel=\"nofollow noopener\" target=\"_blank\">S\u00e9n\u00e9gal<\/a> et <a href=\"https:\/\/www.footmercato.net\/selection\/egypte\/\" rel=\"nofollow noopener\" target=\"_blank\">\u00c9gypte<\/a>.<\/p>\n","protected":false},"excerpt":{"rendered":"Demi-finales de Coupe d&#8217;Afrique des Nations &#8211; mercredi 14 janvier 2026 Bienvenue sur le live de FootMercato pour&hellip;\n","protected":false},"author":2,"featured_media":23681,"comment_status":"","ping_status":"","sticky":false,"template":"","format":"standard","meta":{"footnotes":""},"categories":[62],"tags":[64],"class_list":{"0":"post-23680","1":"post","2":"type-post","3":"status-publish","4":"format-standard","5":"has-post-thumbnail","7":"category-afrique","8":"tag-afrique"},"share_on_mastodon":{"url":"","error":""},"_links":{"self":[{"href":"https:\/\/www.europesays.com\/africa\/wp-json\/wp\/v2\/posts\/23680","targetHints":{"allow":["GET"]}}],"collection":[{"href":"https:\/\/www.europesays.com\/africa\/wp-json\/wp\/v2\/posts"}],"about":[{"href":"https:\/\/www.europesays.com\/africa\/wp-json\/wp\/v2\/types\/post"}],"author":[{"embeddable":true,"href":"https:\/\/www.europesays.com\/africa\/wp-json\/wp\/v2\/users\/2"}],"replies":[{"embeddable":true,"href":"https:\/\/www.europesays.com\/africa\/wp-json\/wp\/v2\/comments?post=23680"}],"version-history":[{"count":0,"href":"https:\/\/www.europesays.com\/africa\/wp-json\/wp\/v2\/posts\/23680\/revisions"}],"wp:featuredmedia":[{"embeddable":true,"href":"https:\/\/www.europesays.com\/africa\/wp-json\/wp\/v2\/media\/23681"}],"wp:attachment":[{"href":"https:\/\/www.europesays.com\/africa\/wp-json\/wp\/v2\/media?parent=23680"}],"wp:term":[{"taxonomy":"category","embeddable":true,"href":"https:\/\/www.europesays.com\/africa\/wp-json\/wp\/v2\/categories?post=23680"},{"taxonomy":"post_tag","embeddable":true,"href":"https:\/\/www.europesays.com\/africa\/wp-json\/wp\/v2\/tags?post=23680"}],"curies":[{"name":"wp","href":"https:\/\/api.w.org\/{rel}","templated":true}]}}