{"id":23701,"date":"2026-01-14T21:23:07","date_gmt":"2026-01-14T21:23:07","guid":{"rendered":"https:\/\/www.europesays.com\/africa\/23701\/"},"modified":"2026-01-14T21:23:07","modified_gmt":"2026-01-14T21:23:07","slug":"tosyali-algerie-exporte-de-lacier-vers-quatre-pays","status":"publish","type":"post","link":"https:\/\/www.europesays.com\/africa\/23701\/","title":{"rendered":"Tosyali Alg\u00e9rie exporte de l&#8217;acier vers quatre pays"},"content":{"rendered":"<p class=\"p1\">L\u2019Alg\u00e9rie a r\u00e9alis\u00e9 ce mardi l\u2019une des premi\u00e8res op\u00e9rations d\u2019exportation hors hydrocarbures programm\u00e9es pour l\u2019ann\u00e9e 2026.<\/p>\n<p class=\"p1\">C\u2019est l\u2019\u0153uvre de Tosyali Alg\u00e9rie dont le complexe sid\u00e9rurgique est situ\u00e9 \u00e0 Bethioua, \u00e0 Oran (Ouest d\u2019Alger) qui a lanc\u00e9 sa premi\u00e8re exp\u00e9dition de t\u00f4les <a href=\"https:\/\/www.tsa-algerie.com\/etats-unis-une-taxe-record-menace-lacier-algerien\/\" rel=\"nofollow noopener\" target=\"_blank\">d\u2019acier<\/a> et de fil machine de l\u2019ann\u00e9e 2026, \u00e0 destination de quatre pays : la Pologne, la Lettonie, l\u2019Italie et la Tunisie.<\/p>\n<p class=\"a-lire-box\" style=\"&#13;&#10;                    margin:20px 0;&#13;&#10;                    padding:12px 0;&#13;&#10;                    border-top:1px solid #ddd;&#13;&#10;                    border-bottom:1px solid #ddd;&#13;&#10;                    line-height:1.8;&#13;&#10;                 \">&#13;<br \/>\n                    A lire aussi :&#13;<br \/>\n                    <a href=\"https:\/\/www.tsa-algerie.com\/imane-khelif-dement-sa-retraite-et-accuse-son-ex-manager-de-trahison\/\" class=\"a-lire-link\" style=\"color:#000;text-decoration:none;font-weight:600;\" rel=\"nofollow noopener\" target=\"_blank\">&#13;<br \/>\n                        Imane Khelif d\u00e9ment sa retraite et accuse son ex-manager de trahison&#13;<br \/>\n                    <\/a>&#13;\n                <\/p>\n<p class=\"p1\">Quatre navires ont \u00e9t\u00e9 mobilis\u00e9s pour transporter simultan\u00e9ment la marchandise. Trois \u00e0 partir du port d\u2019Arzew alors qu\u2019un quatri\u00e8me quittera l\u2019enceinte portuaire d\u2019Oran.\u00a0 <\/p>\n<p class=\"a-lire-box\" style=\"&#13;&#10;                    margin:20px 0;&#13;&#10;                    padding:12px 0;&#13;&#10;                    border-top:1px solid #ddd;&#13;&#10;                    border-bottom:1px solid #ddd;&#13;&#10;                    line-height:1.8;&#13;&#10;                 \">&#13;<br \/>\n                    A lire aussi :&#13;<br \/>\n                    <a href=\"https:\/\/www.tsa-algerie.com\/visas-diplomatiques-lalgerie-accuse-la-france-de-mauvaise-foi\/\" class=\"a-lire-link\" style=\"color:#000;text-decoration:none;font-weight:600;\" rel=\"nofollow noopener\" target=\"_blank\">&#13;<br \/>\n                        Visas diplomatiques : l\u2019Alg\u00e9rie accuse la France de \u00ab mauvaise foi \u00bb&#13;<br \/>\n                    <\/a>&#13;\n                <\/p>\n<p class=\"p1\">\u00a0<\/p>\n<p>Exportation de 22.000 tonnes d\u2019acier pour 13,5 millions de dollars US<\/p>\n<p class=\"p1\">\u00a0<\/p>\n<p class=\"a-lire-box\" style=\"&#13;&#10;                    margin:20px 0;&#13;&#10;                    padding:12px 0;&#13;&#10;                    border-top:1px solid #ddd;&#13;&#10;                    border-bottom:1px solid #ddd;&#13;&#10;                    line-height:1.8;&#13;&#10;                 \">&#13;<br \/>\n                    A lire aussi :&#13;<br \/>\n                    <a href=\"https:\/\/www.tsa-algerie.com\/lalgerie-instaure-un-triple-controle-des-importations\/\" class=\"a-lire-link\" style=\"color:#000;text-decoration:none;font-weight:600;\" rel=\"nofollow noopener\" target=\"_blank\">&#13;<br \/>\n                        L\u2019Alg\u00e9rie instaure\u00a0un triple contr\u00f4le\u00a0des\u00a0importations&#13;<br \/>\n                    <\/a>&#13;\n                <\/p>\n<p class=\"p1\">Selon Alp Topcuoglu, vice-pr\u00e9sident de Tosyali Alg\u00e9rie, 22.000 tonnes <a href=\"https:\/\/www.tsa-algerie.com\/lalgerie-reclame-un-acces-sans-quotas-de-son-acier-au-marche-europeen\/\" rel=\"nofollow noopener\" target=\"_blank\">d\u2019acier<\/a> ont \u00e9t\u00e9 export\u00e9es pour des recettes avoisinant 13,5 millions de dollars. \u00ab\u00a0Il y a des t\u00f4les lamin\u00e9es \u00e0 chaud et le fil \u00e0 chaud\u00a0\u00bb, a-t-il indiqu\u00e9.<\/p>\n<p class=\"p1\">Cette op\u00e9ration illustre, a affirm\u00e9 ce responsable, la continuit\u00e9 des activit\u00e9s d\u2019exportation dans la fili\u00e8re sid\u00e9rurgique alg\u00e9rienne et refl\u00e8te la volont\u00e9 du groupe de maintenir sa pr\u00e9sence sur plusieurs march\u00e9s internationaux et de r\u00e9pondre aux besoins de ses partenaires \u00e9trangers.<\/p>\n<p class=\"p1\">\u00a0<\/p>\n<p>Production des t\u00f4les lamin\u00e9es pour les industries de l\u2019\u00e9lectrom\u00e9nager et de l\u2019automobile<\/p>\n<p class=\"p1\">\u00a0<\/p>\n<p class=\"p1\">Il a soulign\u00e9 que Tosyali Alg\u00e9rie est en voie de r\u00e9aliser une extension de ses installations pour produire des t\u00f4les lamin\u00e9es \u00e0 froid, galvanis\u00e9es et peintes, destin\u00e9es aux industries de l\u2019\u00e9lectrom\u00e9nager et de l\u2019automobile. Cette extension permettra de diversifier l\u2019offre et de mieux r\u00e9pondre aux besoins sp\u00e9cifiques des march\u00e9s d\u2019exportation tout en consolidant la production locale, selon lui.<\/p>\n<p class=\"p1\">\u00ab Les investissements, r\u00e9alis\u00e9s \u00e0 partir de technologies de pointe, visent \u00e0 produire un acier de haute qualit\u00e9 et \u00e0 forte valeur ajout\u00e9e, contribuant \u00e0 r\u00e9duire les importations et \u00e0 renforcer les exportations nationales \u00bb, a expliqu\u00e9 le dirigeant de Tosyali Alg\u00e9rie. <\/p>\n<p class=\"p1\">Les nouvelles unit\u00e9s entreront en exploitation d\u00e8s le mois de septembre 2026, a-t-il ajout\u00e9. Ce qui confirme le suivi rigoureux et la coordination de cette soci\u00e9t\u00e9 avec les autorit\u00e9s alg\u00e9riennes pour la mise en \u0153uvre de ce programme industriel.<\/p>\n<p class=\"p1\">\u00a0<\/p>\n<p>Production de t\u00f4les lamin\u00e9es \u00e0 froid d\u00e8s septembre prochain<\/p>\n<p class=\"p1\">\u00a0<\/p>\n<p class=\"p1\">Pr\u00e9sent \u00e0 cette c\u00e9r\u00e9monie de lancement de cette op\u00e9ration d\u2019exportation, le ministre du Commerce ext\u00e9rieur et de la Promotion des exportations, Kamel Rezig, a insist\u00e9 sur l\u2019ach\u00e8vement de ce projet d\u2019extension dans les plus brefs d\u00e9lais tout en pr\u00e9cisant que la satisfaction des besoins du march\u00e9 national demeure une priorit\u00e9, l\u2019exportation venant en second lieu.<\/p>\n<p class=\"p1\">Par ailleurs, Alp Topcuoglu a annonc\u00e9 l\u2019entr\u00e9e en exploitation, d\u00e8s le mois de septembre prochain, des unit\u00e9s de production de t\u00f4les lamin\u00e9es \u00e0 froid et salu\u00e9, \u00e0 ce propos, l\u2019int\u00e9r\u00eat accord\u00e9 par les autorit\u00e9s alg\u00e9riennes au programme des exportations et le suivi rigoureux de son ex\u00e9cution.<\/p>\n<p class=\"p1\">Tosyali Alg\u00e9rie a d\u00e9j\u00e0 export\u00e9, faut-il le rappeler, 30.000 tonnes de plaques d\u2019acier vers l\u2019Italie au mois de mars 2025 pour une valeur de 16 millions de dollars, a d\u00e9clar\u00e9 \u00e0 l\u2019APS, le directeur du commerce ext\u00e9rieur du complexe, Ramzi Azzi. <\/p>\n<p class=\"p1\">Cette op\u00e9ration d\u2019exportation \u00e9tait la troisi\u00e8me du genre, depuis le d\u00e9but de l\u2019ann\u00e9e 2025, apr\u00e8s l\u2019exportation de 27.000 tonnes vers l\u2019Espagne et une autre de m\u00eame envergure vers la Turquie, a pr\u00e9cis\u00e9 ce responsable.<\/p>\n<p class=\"p1\">Le complexe aspire, \u00e0 travers ce produit, avait explicit\u00e9 le m\u00eame responsable, \u00e0 s\u2019imposer sur le march\u00e9 europ\u00e9en, ce qui permettrait d\u2019atteindre une valeur d\u2019exportation d\u2019environ 2 milliards de dollars d\u2019ici \u00e0 la fin de l\u2019ann\u00e9e 2026.<\/p>\n","protected":false},"excerpt":{"rendered":"L\u2019Alg\u00e9rie a r\u00e9alis\u00e9 ce mardi l\u2019une des premi\u00e8res op\u00e9rations d\u2019exportation hors hydrocarbures programm\u00e9es pour l\u2019ann\u00e9e 2026. C\u2019est l\u2019\u0153uvre&hellip;\n","protected":false},"author":2,"featured_media":23702,"comment_status":"","ping_status":"","sticky":false,"template":"","format":"standard","meta":{"footnotes":""},"categories":[254],"tags":[255],"class_list":{"0":"post-23701","1":"post","2":"type-post","3":"status-publish","4":"format-standard","5":"has-post-thumbnail","7":"category-algerie","8":"tag-algerie"},"share_on_mastodon":{"url":"","error":""},"_links":{"self":[{"href":"https:\/\/www.europesays.com\/africa\/wp-json\/wp\/v2\/posts\/23701","targetHints":{"allow":["GET"]}}],"collection":[{"href":"https:\/\/www.europesays.com\/africa\/wp-json\/wp\/v2\/posts"}],"about":[{"href":"https:\/\/www.europesays.com\/africa\/wp-json\/wp\/v2\/types\/post"}],"author":[{"embeddable":true,"href":"https:\/\/www.europesays.com\/africa\/wp-json\/wp\/v2\/users\/2"}],"replies":[{"embeddable":true,"href":"https:\/\/www.europesays.com\/africa\/wp-json\/wp\/v2\/comments?post=23701"}],"version-history":[{"count":0,"href":"https:\/\/www.europesays.com\/africa\/wp-json\/wp\/v2\/posts\/23701\/revisions"}],"wp:featuredmedia":[{"embeddable":true,"href":"https:\/\/www.europesays.com\/africa\/wp-json\/wp\/v2\/media\/23702"}],"wp:attachment":[{"href":"https:\/\/www.europesays.com\/africa\/wp-json\/wp\/v2\/media?parent=23701"}],"wp:term":[{"taxonomy":"category","embeddable":true,"href":"https:\/\/www.europesays.com\/africa\/wp-json\/wp\/v2\/categories?post=23701"},{"taxonomy":"post_tag","embeddable":true,"href":"https:\/\/www.europesays.com\/africa\/wp-json\/wp\/v2\/tags?post=23701"}],"curies":[{"name":"wp","href":"https:\/\/api.w.org\/{rel}","templated":true}]}}