{"id":23705,"date":"2026-01-14T21:25:09","date_gmt":"2026-01-14T21:25:09","guid":{"rendered":"https:\/\/www.europesays.com\/africa\/23705\/"},"modified":"2026-01-14T21:25:09","modified_gmt":"2026-01-14T21:25:09","slug":"bpifrance-met-en-avant-le-maroc-comme-hub-strategique-dinvestissement","status":"publish","type":"post","link":"https:\/\/www.europesays.com\/africa\/23705\/","title":{"rendered":"Bpifrance met en avant le Maroc comme hub strat\u00e9gique d\u2019investissement"},"content":{"rendered":"<p>La banque publique d\u2019investissement fran\u00e7aise Bpifrance a mis en exergue, mercredi, les opportunit\u00e9s d\u2019investissement au Maroc, \u00ab un hub de croissance strat\u00e9gique \u00bb pour la France, encourageant les entreprises tricolores \u00e0 prendre part \u00e0 la nouvelle dynamique de la relation franco-marocaine orient\u00e9e vers la \u00ab co-industrialisation \u00bb.<\/p>\n<p>\u00ab Entre les opportunit\u00e9s qui vont se cr\u00e9er li\u00e9es \u00e0 la Coupe du Monde 2030 et les d\u00e9fis industriels sur le territoire marocain \u00bb, Bpifrance partage, dans un article publi\u00e9 dans son magazine \u00e9lectronique \u00ab\u00a0Big Media\u00a0\u00bb, ciblant les entrepreneurs, \u00ab les cl\u00e9s pour r\u00e9ussir au Maroc \u00bb avec les entreprises souhaitant s\u2019y implanter voire s\u2019exporter sur le continent africain, tout en \u00e9num\u00e9rant les dispositifs que l\u2019\u00e9cosyst\u00e8me fran\u00e7ais a mis en place pour accompagner leurs projets d\u2019internationalisation.<\/p>\n<p>Pour la banque publique d\u2019investissement fran\u00e7aise, le pays d\u2019h\u00f4te de la Coupe d\u2019Afrique des Nations \u00ab n\u2019est plus seulement un partenaire commercial, mais devient, progressivement, un hub de croissance strat\u00e9gique pour la France \u00bb.<\/p>\n<p>\u00ab Pour un entrepreneur fran\u00e7ais qui d\u00e9sire s\u2019exporter, le Maroc repr\u00e9sente un march\u00e9 en plein essor, port\u00e9 par des investissements (\u00e9nergies renouvelables, infrastructures, dessalement), mais aussi celui d\u2019un terrain o\u00f9 \u00ab\u00a0la marque France a encore un potentiel inexploit\u00e9\u00bb, rel\u00e8ve l\u2019article qui donne la parole \u00e0 deux t\u00e9moins de cette dynamique sur le terrain.<\/p>\n<p>\u00ab On voit un pays qui est en plein d\u00e9veloppement, en pleine transformation, avec des \u00e9v\u00e9nements majeurs comme la CAN ou la Coupe du Monde par exemple, et qui dynamisent encore plus le pays. \u00bb, t\u00e9moigne Ludovic Vallon, dirigeant de Mastergrid, sp\u00e9cialiste des syst\u00e8mes \u00e9lectriques haute tension (120M \u20ac de CA), implant\u00e9e depuis 2020 au Maroc.<\/p>\n<p>C\u00f4t\u00e9 institutionnel, Marie Albane Prieur, directrice D\u00e9veloppement Export de Bpifrance, confirme cette acc\u00e9l\u00e9ration multisectorielle. \u00ab Il y a de gros projets d\u2019infrastructures qui sont initi\u00e9s \u00bb, note-t-elle, citant le train \u00e0 grande vitesse o\u00f9 Alstom s\u2019est positionn\u00e9, ou encore \u00ab les gros projets d\u2019unit\u00e9 de dessalement \u00bb.<\/p>\n<p>Elle souligne cependant une r\u00e9alit\u00e9 de march\u00e9, avertissant que \u00able Maroc n\u2019est pas un terrain d\u2019entrepreneuriat \u00e0 prendre \u00e0 la l\u00e9g\u00e8re, il est concurrentiel, on y retrouve beaucoup d\u2019Allemands, tous les Europ\u00e9ens en g\u00e9n\u00e9ral, mais \u00e9galement les Chinois qui s\u2019y exportent de plus en plus. \u00bb<\/p>\n<p>Aux entrepreneurs fran\u00e7ais souhaitant franchir le pas, Bpifrance souligne l\u2019importance de \u00ab passer du simple export \u00e0 la \u00ab\u00a0co-industrialisation\u00a0\u00bb.<\/p>\n<p>\u00ab C\u2019est un angle mort que beaucoup d\u2019entrepreneurs n\u00e9gligent au moment d\u2019exporter au Maroc, les Marocains ne cherchent pas uniquement des fournisseurs, mais des partenaires industriels capables de transmettre du savoir-faire \u00bb, rel\u00e8ve l\u2019article.<\/p>\n<p>La directrice D\u00e9veloppement Export de Bpifrance insiste sur ce concept de \u00ab co-industrialisation\u00a0\u00bb, affirmant : \u00ab Nous, on dit \u00e0 nos entrepreneurs fran\u00e7ais : pour te d\u00e9velopper [\u2026], il faut que tu ailles cr\u00e9er\u00bb.<\/p>\n<p>Et d\u2019ajouter que l\u2019objectif est clair : \u00ab Injecter du savoir-faire fran\u00e7ais et du capital depuis la France pour pouvoir r\u00e9aliser et faire \u00e9merger des usines qui permettent aux pays africains de garder leur valeur ajout\u00e9e chez eux. \u00bb<\/p>\n<p>Cette strat\u00e9gie est valid\u00e9e sur le terrain, selon l\u2019article, par le dirigeant de Mastergrid qui consid\u00e8re que l\u2019avenir ne passe pas par l\u2019envoi d\u2019experts depuis la m\u00e9tropole, mais par la \u00ab cr\u00e9ation de valeur ajout\u00e9e locale \u00bb.<\/p>\n<p>\u00ab On imagine le faire soit en croissance organique avec des recrutements et donc en investissant en ressources humaines et en \u00e9quipement sur le territoire marocain, et on imagine aussi le faire \u00e0 travers des partenariats avec des soci\u00e9t\u00e9s locales \u00bb, explique le patron fran\u00e7ais, pr\u00e9cisant que l\u2019objectif est de \u00ab devenir vraiment une soci\u00e9t\u00e9 marocaine avec des collaborateurs form\u00e9s et recrut\u00e9s au Maroc. \u00bb<\/p>\n","protected":false},"excerpt":{"rendered":"La banque publique d\u2019investissement fran\u00e7aise Bpifrance a mis en exergue, mercredi, les opportunit\u00e9s d\u2019investissement au Maroc, \u00ab un&hellip;\n","protected":false},"author":2,"featured_media":23706,"comment_status":"","ping_status":"","sticky":false,"template":"","format":"standard","meta":{"footnotes":""},"categories":[41],"tags":[3869,3874,3873,3870,3872,158,3871],"class_list":{"0":"post-23705","1":"post","2":"type-post","3":"status-publish","4":"format-standard","5":"has-post-thumbnail","7":"category-maroc","8":"tag-actualite-maroc","9":"tag-akhbar","10":"tag-journal","11":"tag-journal-maroc","12":"tag-lavieeco","13":"tag-maroc","14":"tag-press-maroc"},"share_on_mastodon":{"url":"","error":""},"_links":{"self":[{"href":"https:\/\/www.europesays.com\/africa\/wp-json\/wp\/v2\/posts\/23705","targetHints":{"allow":["GET"]}}],"collection":[{"href":"https:\/\/www.europesays.com\/africa\/wp-json\/wp\/v2\/posts"}],"about":[{"href":"https:\/\/www.europesays.com\/africa\/wp-json\/wp\/v2\/types\/post"}],"author":[{"embeddable":true,"href":"https:\/\/www.europesays.com\/africa\/wp-json\/wp\/v2\/users\/2"}],"replies":[{"embeddable":true,"href":"https:\/\/www.europesays.com\/africa\/wp-json\/wp\/v2\/comments?post=23705"}],"version-history":[{"count":0,"href":"https:\/\/www.europesays.com\/africa\/wp-json\/wp\/v2\/posts\/23705\/revisions"}],"wp:featuredmedia":[{"embeddable":true,"href":"https:\/\/www.europesays.com\/africa\/wp-json\/wp\/v2\/media\/23706"}],"wp:attachment":[{"href":"https:\/\/www.europesays.com\/africa\/wp-json\/wp\/v2\/media?parent=23705"}],"wp:term":[{"taxonomy":"category","embeddable":true,"href":"https:\/\/www.europesays.com\/africa\/wp-json\/wp\/v2\/categories?post=23705"},{"taxonomy":"post_tag","embeddable":true,"href":"https:\/\/www.europesays.com\/africa\/wp-json\/wp\/v2\/tags?post=23705"}],"curies":[{"name":"wp","href":"https:\/\/api.w.org\/{rel}","templated":true}]}}