{"id":23720,"date":"2026-01-14T21:42:07","date_gmt":"2026-01-14T21:42:07","guid":{"rendered":"https:\/\/www.europesays.com\/africa\/23720\/"},"modified":"2026-01-14T21:42:07","modified_gmt":"2026-01-14T21:42:07","slug":"dr-cisse-mansour-diop-devant-la-justice-une-affaire-qui-remonterait-depuis-2022","status":"publish","type":"post","link":"https:\/\/www.europesays.com\/africa\/23720\/","title":{"rendered":"Dr Ciss\u00e9 &#8211; Mansour Diop devant la justice : Une affaire qui remonterait depuis 2022"},"content":{"rendered":"<p>Dans un communiqu\u00e9, lu \u00e0 la r\u00e9daction, l\u2019entourage du Dr Ciss\u00e9, directeur g\u00e9n\u00e9ral de la sant\u00e9 apportant sa part de v\u00e9rit\u00e9 affirme n\u2019avoir \u00ab\u00a0jamais harcel\u00e9 qui que ce soit\u00a0\u00bb et se pr\u00e9sente au contraire comme la victime d\u2019une campagne de diffamation initi\u00e9e depuis 2022. <br \/>  \u00a0 <br \/>  Cette relation avec Mansour Diop, actuel directeur de l\u2019h\u00f4pital Dantec, d\u00e9bute en 2022. Les deux hommes faisaient partie du m\u00eame groupe WhatsApp et se fr\u00e9quentaient de mani\u00e8re occasionnelle. Diop se rendait r\u00e9guli\u00e8rement \u00e0 son domicile, notamment durant le mois de Ramadan pour les ruptures du je\u00fbne.\u00a0Cette assiduit\u00e9 traduisait, selon le Directeur G\u00e9n\u00e9ral de la Sant\u00e9, \u00ab\u00a0une volont\u00e9 de rapprochement\u00a0\u00bb de la part de Monsieur Diop, qui connaissait ses relations avec certaines personnalit\u00e9s publiques, dont Ousmane Sonko. <br \/>  \u00a0 <br \/>  Mansour Diop aurait progressivement manifest\u00e9 une frustration, allant jusqu\u2019\u00e0 tenir des propos d\u00e9plac\u00e9s. C\u2019est \u00e0 partir de ce moment que la situation se serait d\u00e9grad\u00e9e. Par ailleurs Diop aurait alors commenc\u00e9 \u00e0 tenir \u00ab\u00a0des propos infond\u00e9s, calomnieux et diffamatoires\u00a0\u00bb \u00e0 l\u2019encontre du Dr Ciss\u00e9 dans le groupe WhatsApp, souffle l\u2019entourage du Dr Ciss\u00e9. Durant toute cette p\u00e9riode, \u00ab\u00a0le docteur Ciss\u00e9 n\u2019aurait pas r\u00e9pondu \u00e0 ces attaques en faisant preuve de retenue et de responsabilit\u00e9\u00a0\u00bb, souligne le communiqu\u00e9. <br \/>  \u00a0 <br \/>  L\u2019intervention d\u2019un ami d\u00e9clenche une plainte <\/p>\n<p>Face \u00e0 la persistance de ces propos, un ami d\u2019enfance du Dr Ciss\u00e9, en l\u2019occurrence Pape Ibrahima Thiam, qui serait intervenu uniquement pour d\u00e9fendre son ami. C\u2019est suite \u00e0 cette intervention que Mansour Diop a d\u00e9pos\u00e9 une plainte contre X.<\/p>\n","protected":false},"excerpt":{"rendered":"Dans un communiqu\u00e9, lu \u00e0 la r\u00e9daction, l\u2019entourage du Dr Ciss\u00e9, directeur g\u00e9n\u00e9ral de la sant\u00e9 apportant sa&hellip;\n","protected":false},"author":2,"featured_media":23721,"comment_status":"","ping_status":"","sticky":false,"template":"","format":"standard","meta":{"footnotes":""},"categories":[48],"tags":[64,274,279,273,277,278,271,281,283,272,280,276,275,159,282],"class_list":{"0":"post-23720","1":"post","2":"type-post","3":"status-publish","4":"format-standard","5":"has-post-thumbnail","7":"category-senegal","8":"tag-afrique","9":"tag-aliou-cisse","10":"tag-amadou-ba","11":"tag-apr","12":"tag-bassirou-diomaye-faye","13":"tag-bathelemy-dias","14":"tag-dakar","15":"tag-el-malick-ndiaye","16":"tag-guy-marius-sagna","17":"tag-macky-sall","18":"tag-madiambal-diagne","19":"tag-ousmane-sonko","20":"tag-pastef","21":"tag-senegal","22":"tag-ziguinchor"},"share_on_mastodon":{"url":"","error":""},"_links":{"self":[{"href":"https:\/\/www.europesays.com\/africa\/wp-json\/wp\/v2\/posts\/23720","targetHints":{"allow":["GET"]}}],"collection":[{"href":"https:\/\/www.europesays.com\/africa\/wp-json\/wp\/v2\/posts"}],"about":[{"href":"https:\/\/www.europesays.com\/africa\/wp-json\/wp\/v2\/types\/post"}],"author":[{"embeddable":true,"href":"https:\/\/www.europesays.com\/africa\/wp-json\/wp\/v2\/users\/2"}],"replies":[{"embeddable":true,"href":"https:\/\/www.europesays.com\/africa\/wp-json\/wp\/v2\/comments?post=23720"}],"version-history":[{"count":0,"href":"https:\/\/www.europesays.com\/africa\/wp-json\/wp\/v2\/posts\/23720\/revisions"}],"wp:featuredmedia":[{"embeddable":true,"href":"https:\/\/www.europesays.com\/africa\/wp-json\/wp\/v2\/media\/23721"}],"wp:attachment":[{"href":"https:\/\/www.europesays.com\/africa\/wp-json\/wp\/v2\/media?parent=23720"}],"wp:term":[{"taxonomy":"category","embeddable":true,"href":"https:\/\/www.europesays.com\/africa\/wp-json\/wp\/v2\/categories?post=23720"},{"taxonomy":"post_tag","embeddable":true,"href":"https:\/\/www.europesays.com\/africa\/wp-json\/wp\/v2\/tags?post=23720"}],"curies":[{"name":"wp","href":"https:\/\/api.w.org\/{rel}","templated":true}]}}