{"id":23722,"date":"2026-01-14T21:43:19","date_gmt":"2026-01-14T21:43:19","guid":{"rendered":"https:\/\/www.europesays.com\/africa\/23722\/"},"modified":"2026-01-14T21:43:19","modified_gmt":"2026-01-14T21:43:19","slug":"maroc-les-compositions-officielles","status":"publish","type":"post","link":"https:\/\/www.europesays.com\/africa\/23722\/","title":{"rendered":"Maroc : les compositions officielles"},"content":{"rendered":"<p>Place \u00e0 la deuxi\u00e8me demi-finale de la Coupe d\u2019Afrique des Nations 2025 ce mercredi. <a href=\"https:\/\/www.footmercato.net\/live\/3498965464600333657-nigeria-vs-maroc#tabLive\" rel=\"nofollow noopener\" target=\"_blank\">Le Nigeria d\u00e9fie le Maroc pour une place en finale.<\/a> Les Super Eagles s\u2019organisent dans un 4-4-2 losange avec Stanley Nwabali qui officie comme dernier rempart. Devant lui, on retrouve Bright Osayi-Samuel, Semi Ajayi, Calvin Bassey et Bruno Onyemaechi. Frank Onyeka, Raphael Onyedika et Alex Iwobi composent l\u2019entrejeu. En pointe, Victor Osimhen et Akor Adams sont soutenus par Ademola Lookman.<\/p>\n<p>            La suite apr\u00e8s cette publicit\u00e9<\/p>\n<p>De leur c\u00f4t\u00e9, les Lions de l\u2019Atlas s\u2019articulent dans un 4-3-3 avec Yacine Bounou dans les cages derri\u00e8re Achraf Hakimi, Nayef Aguerd, Adam Masina et Noussair Mazraoui. Le milieu de terrain est assur\u00e9 par Neil El Aynaoui, Bilal El Khannouss et Isma\u00ebl Saibari. Devant, Ayoub El Kaabi est soutenu par Brahim Diaz et Ez Abde.<\/p>\n<p>        Les compositions<\/p>\n<p>Nigeria  Nwabali &#8211; Osayi-Samuel, Ajayi, Bassey, Onyemaechi &#8211; Onyeka, Onyedika, Iwobi &#8211; Lookman &#8211; Osimhen, Adams<\/p>\n<p>            La suite apr\u00e8s cette publicit\u00e9<\/p>\n<p>Maroc\u00a0: Bounou &#8211; Hakimi, Aguerd, Masina, Mazraoui &#8211; El Aynaoui, El Khannouss, Saibari &#8211; Brahim, El Kaabi, Abde<\/p>\n<p>\n    Pub. le 14\/01\/2026 20:07<br \/>\n            &#8211; MAJ le 14\/01\/2026 22:36\n    <\/p>\n","protected":false},"excerpt":{"rendered":"Place \u00e0 la deuxi\u00e8me demi-finale de la Coupe d\u2019Afrique des Nations 2025 ce mercredi. Le Nigeria d\u00e9fie le&hellip;\n","protected":false},"author":2,"featured_media":5780,"comment_status":"","ping_status":"","sticky":false,"template":"","format":"standard","meta":{"footnotes":""},"categories":[41],"tags":[158],"class_list":{"0":"post-23722","1":"post","2":"type-post","3":"status-publish","4":"format-standard","5":"has-post-thumbnail","7":"category-maroc","8":"tag-maroc"},"share_on_mastodon":{"url":"","error":""},"_links":{"self":[{"href":"https:\/\/www.europesays.com\/africa\/wp-json\/wp\/v2\/posts\/23722","targetHints":{"allow":["GET"]}}],"collection":[{"href":"https:\/\/www.europesays.com\/africa\/wp-json\/wp\/v2\/posts"}],"about":[{"href":"https:\/\/www.europesays.com\/africa\/wp-json\/wp\/v2\/types\/post"}],"author":[{"embeddable":true,"href":"https:\/\/www.europesays.com\/africa\/wp-json\/wp\/v2\/users\/2"}],"replies":[{"embeddable":true,"href":"https:\/\/www.europesays.com\/africa\/wp-json\/wp\/v2\/comments?post=23722"}],"version-history":[{"count":0,"href":"https:\/\/www.europesays.com\/africa\/wp-json\/wp\/v2\/posts\/23722\/revisions"}],"wp:featuredmedia":[{"embeddable":true,"href":"https:\/\/www.europesays.com\/africa\/wp-json\/wp\/v2\/media\/5780"}],"wp:attachment":[{"href":"https:\/\/www.europesays.com\/africa\/wp-json\/wp\/v2\/media?parent=23722"}],"wp:term":[{"taxonomy":"category","embeddable":true,"href":"https:\/\/www.europesays.com\/africa\/wp-json\/wp\/v2\/categories?post=23722"},{"taxonomy":"post_tag","embeddable":true,"href":"https:\/\/www.europesays.com\/africa\/wp-json\/wp\/v2\/tags?post=23722"}],"curies":[{"name":"wp","href":"https:\/\/api.w.org\/{rel}","templated":true}]}}