{"id":23760,"date":"2026-01-14T22:16:26","date_gmt":"2026-01-14T22:16:26","guid":{"rendered":"https:\/\/www.europesays.com\/africa\/23760\/"},"modified":"2026-01-14T22:16:26","modified_gmt":"2026-01-14T22:16:26","slug":"nigeria-les-compositions-officielles-3","status":"publish","type":"post","link":"https:\/\/www.europesays.com\/africa\/23760\/","title":{"rendered":"Nigeria : les compositions officielles"},"content":{"rendered":"<p>C&#8217;est tout un pays qui va pousser son \u00e9quipe ce soir. \u00c0 la recherche d&#8217;une premi\u00e8re finale depuis 2004, le Maroc r\u00eave \u00e9videmment d&#8217;y parvenir ce soir \u00e0 domicile. Mais en face de lui se dresse un \u00e9norme obstacle : le Nigeria. Impressionnant depuis le d\u00e9but de la comp\u00e9tition et facile vainqueur de l&#8217;Alg\u00e9rie au tour pr\u00e9c\u00e9dent (2-0), il entend bien mettre fin au r\u00eave marocain ce mercredi.<\/p>\n<p>Mais les Lions de l&#8217;Atlas ont de la ressource, en t\u00e9moigne leur beau succ\u00e8s contre le Cameroun (2-0) en quart de finale, o\u00f9 ils ont affich\u00e9 une vraie ma\u00eetrise. Vous l&#8217;aurez compris, nous allons assister \u00e0 un duel entre une \u00e9quipe qui monte en puissance et une autre d\u00e9j\u00e0 r\u00f4d\u00e9e depuis le d\u00e9but de la comp\u00e9tition. Que le spectacle commence, d\u00e9couvrez les compositions des deux \u00e9quipes !<\/p>\n<p>Les compositions<\/p>\n<p>Maroc : Bounou &#8211; Hakimi, Aguerd, Masina, Mazraoui &#8211; El Aynaoui, El Khannouss, Saibari &#8211; Brahim, El Kaabi, Abde<\/p>\n<p>Nigeria : Nwabali; Bruno, Bassey, Ajayi, Osayi-Samuel; Ndidi, Onyeka, Iwobi; Lookman, Osimhen, Akor Adams<\/p>\n<p>\u00a0<\/p>\n<p>   Partagez cette info avec vos amis et vos proches en cliquant ici<br \/> Pour r\u00e9sumer<\/p>\n<p>Le Maroc affronte le Nigeria en demi-finale de la CAN, avec l\u2019espoir d\u2019une premi\u00e8re finale depuis 2004. Les Lions de l\u2019Atlas veulent prolonger leur r\u00eave apr\u00e8s leur succ\u00e8s face au Cameroun, mais le Nigeria, solide et exp\u00e9riment\u00e9, ne compte pas c\u00e9der.<\/p>\n<p>R\u00e9dacteur<\/p>\n<p><img decoding=\"async\" width=\"76\" height=\"76\" loading=\"lazy\" src=\"https:\/\/www.europesays.com\/africa\/wp-content\/uploads\/2026\/01\/avatar-onze.webp.webp\" alt=\"Nathan Bricout\"\/><\/p>\n","protected":false},"excerpt":{"rendered":"C&#8217;est tout un pays qui va pousser son \u00e9quipe ce soir. \u00c0 la recherche d&#8217;une premi\u00e8re finale depuis&hellip;\n","protected":false},"author":2,"featured_media":23761,"comment_status":"","ping_status":"","sticky":false,"template":"","format":"standard","meta":{"footnotes":""},"categories":[41],"tags":[360,158],"class_list":{"0":"post-23760","1":"post","2":"type-post","3":"status-publish","4":"format-standard","5":"has-post-thumbnail","7":"category-maroc","8":"tag-can","9":"tag-maroc"},"share_on_mastodon":{"url":"","error":""},"_links":{"self":[{"href":"https:\/\/www.europesays.com\/africa\/wp-json\/wp\/v2\/posts\/23760","targetHints":{"allow":["GET"]}}],"collection":[{"href":"https:\/\/www.europesays.com\/africa\/wp-json\/wp\/v2\/posts"}],"about":[{"href":"https:\/\/www.europesays.com\/africa\/wp-json\/wp\/v2\/types\/post"}],"author":[{"embeddable":true,"href":"https:\/\/www.europesays.com\/africa\/wp-json\/wp\/v2\/users\/2"}],"replies":[{"embeddable":true,"href":"https:\/\/www.europesays.com\/africa\/wp-json\/wp\/v2\/comments?post=23760"}],"version-history":[{"count":0,"href":"https:\/\/www.europesays.com\/africa\/wp-json\/wp\/v2\/posts\/23760\/revisions"}],"wp:featuredmedia":[{"embeddable":true,"href":"https:\/\/www.europesays.com\/africa\/wp-json\/wp\/v2\/media\/23761"}],"wp:attachment":[{"href":"https:\/\/www.europesays.com\/africa\/wp-json\/wp\/v2\/media?parent=23760"}],"wp:term":[{"taxonomy":"category","embeddable":true,"href":"https:\/\/www.europesays.com\/africa\/wp-json\/wp\/v2\/categories?post=23760"},{"taxonomy":"post_tag","embeddable":true,"href":"https:\/\/www.europesays.com\/africa\/wp-json\/wp\/v2\/tags?post=23760"}],"curies":[{"name":"wp","href":"https:\/\/api.w.org\/{rel}","templated":true}]}}