{"id":23780,"date":"2026-01-14T22:31:09","date_gmt":"2026-01-14T22:31:09","guid":{"rendered":"https:\/\/www.europesays.com\/africa\/23780\/"},"modified":"2026-01-14T22:31:09","modified_gmt":"2026-01-14T22:31:09","slug":"des-parents-en-gilets-jaunes-pour-eviter-les-debordements-apres-le-match-du-maroc","status":"publish","type":"post","link":"https:\/\/www.europesays.com\/africa\/23780\/","title":{"rendered":"des parents en \u00ab gilets jaunes \u00bb pour \u00e9viter les d\u00e9bordements apr\u00e8s le match du Maroc"},"content":{"rendered":"<p>D\u00e8s ce mercredi soir, une cinquantaine d\u2019adultes v\u00eatus de gilets jaunes patrouilleront pour encadrer les c\u00e9l\u00e9brations et tenter de faire tampon entre les jeunes supporters et les forces de l\u2019ordre. L\u2019objectif affich\u00e9 par Ilham, l\u2019initiatrice du mouvement, est de privil\u00e9gier la m\u00e9diation communautaire pour \u00e9viter que la f\u00eate ne bascule dans l\u2019affrontement, explique La Derni\u00e8re heure.<\/p>\n<p>\u00c0 lire\u00a0: <a href=\"https:\/\/www.bladi.net\/maroc-nigeria-quelle-heure-quelles-chaines-regarder-match,118927.html\" class=\"spip_in\" rel=\"nofollow noopener\" target=\"_blank\">Maroc-Nigeria\u00a0: \u00c0 quelle heure et sur quelles chaines regarder le match\u00a0?<\/a><\/p>\n<p>Cette initiative, n\u00e9e du constat de d\u00e9gradations r\u00e9p\u00e9t\u00e9es, re\u00e7oit le soutien de la commune, de la mosqu\u00e9e voisine et de plusieurs associations. Les r\u00e9sidents d\u00e9noncent la pr\u00e9sence de groupes isol\u00e9s qui se m\u00ealent aux familles, mais pointent \u00e9galement un manque d\u2019infrastructures pour canaliser la foule.<\/p>\n<p>\u00c0 lire\u00a0: <a href=\"https:\/\/www.bladi.net\/frmf-piratee-hackers-algeriens-contrats-lions-atlas-bientot-devoiles,118936.html\" class=\"spip_in\" rel=\"nofollow noopener\" target=\"_blank\">La FRMF pirat\u00e9e par des hackers alg\u00e9riens\u00a0: les contrats des Lions de l\u2019Atlas bient\u00f4t d\u00e9voil\u00e9s\u00a0?<\/a><\/p>\n<p>Pour les organisateurs, cette mobilisation citoyenne souligne l\u2019urgence de cr\u00e9er des espaces d\u00e9di\u00e9s, comme des fan zones, afin d\u2019offrir un cadre s\u00e9curis\u00e9 aux supporters. Alors que certains commer\u00e7ants ont d\u00e9j\u00e0 choisi de fermer leurs portes par pr\u00e9caution, la zone de police Bruxelles Ouest dit encourager cette d\u00e9marche de dialogue, tout en maintenant un dispositif de s\u00e9curit\u00e9 adapt\u00e9 aux enjeux de cette qualification historique.<\/p>\n","protected":false},"excerpt":{"rendered":"D\u00e8s ce mercredi soir, une cinquantaine d\u2019adultes v\u00eatus de gilets jaunes patrouilleront pour encadrer les c\u00e9l\u00e9brations et tenter&hellip;\n","protected":false},"author":2,"featured_media":23781,"comment_status":"","ping_status":"","sticky":false,"template":"","format":"standard","meta":{"footnotes":""},"categories":[41],"tags":[158],"class_list":{"0":"post-23780","1":"post","2":"type-post","3":"status-publish","4":"format-standard","5":"has-post-thumbnail","7":"category-maroc","8":"tag-maroc"},"share_on_mastodon":{"url":"","error":""},"_links":{"self":[{"href":"https:\/\/www.europesays.com\/africa\/wp-json\/wp\/v2\/posts\/23780","targetHints":{"allow":["GET"]}}],"collection":[{"href":"https:\/\/www.europesays.com\/africa\/wp-json\/wp\/v2\/posts"}],"about":[{"href":"https:\/\/www.europesays.com\/africa\/wp-json\/wp\/v2\/types\/post"}],"author":[{"embeddable":true,"href":"https:\/\/www.europesays.com\/africa\/wp-json\/wp\/v2\/users\/2"}],"replies":[{"embeddable":true,"href":"https:\/\/www.europesays.com\/africa\/wp-json\/wp\/v2\/comments?post=23780"}],"version-history":[{"count":0,"href":"https:\/\/www.europesays.com\/africa\/wp-json\/wp\/v2\/posts\/23780\/revisions"}],"wp:featuredmedia":[{"embeddable":true,"href":"https:\/\/www.europesays.com\/africa\/wp-json\/wp\/v2\/media\/23781"}],"wp:attachment":[{"href":"https:\/\/www.europesays.com\/africa\/wp-json\/wp\/v2\/media?parent=23780"}],"wp:term":[{"taxonomy":"category","embeddable":true,"href":"https:\/\/www.europesays.com\/africa\/wp-json\/wp\/v2\/categories?post=23780"},{"taxonomy":"post_tag","embeddable":true,"href":"https:\/\/www.europesays.com\/africa\/wp-json\/wp\/v2\/tags?post=23780"}],"curies":[{"name":"wp","href":"https:\/\/api.w.org\/{rel}","templated":true}]}}