{"id":23799,"date":"2026-01-14T22:44:07","date_gmt":"2026-01-14T22:44:07","guid":{"rendered":"https:\/\/www.europesays.com\/africa\/23799\/"},"modified":"2026-01-14T22:44:07","modified_gmt":"2026-01-14T22:44:07","slug":"le-cdeps-dement-les-propos-diffamatoires-de-cheikh-bara-ndiaye-sur-limplication-de-farba-ngom","status":"publish","type":"post","link":"https:\/\/www.europesays.com\/africa\/23799\/","title":{"rendered":"Le CDEPS d\u00e9ment les \u00ab propos diffamatoires \u00bb de Cheikh Bara Ndiaye sur l\u2019implication de Farba Ngom"},"content":{"rendered":"\n<p style=\"text-align: justify;\">Le Conseil des Diffuseurs et \u00c9diteurs de Presse du S\u00e9n\u00e9gal (CDEPS) a publi\u00e9 mardi un communiqu\u00e9 condamnant les propos tenus par le d\u00e9put\u00e9 Cheikh Bara Ndiaye lors d\u2019une conf\u00e9rence de presse organis\u00e9e le 13 janvier 2026 sur le plateau de Seneweb. <\/p>\n<p style=\"text-align: justify;\">\u00a0 <\/p>\n<p style=\"text-align: justify;\">Selon Mamadou Ibra Kane et Cie, le parlementaire a prof\u00e9r\u00e9 des accusations graves et diffamatoires contre le patron de la presse s\u00e9n\u00e9galaise, affirmant notamment que Farba Ngom serait \u00e0 l\u2019origine de la journ\u00e9e sans presse du 13 ao\u00fbt 2024 et qu\u2019il en aurait \u00e9t\u00e9 l\u2019organisateur. Le CDEPS qualifie ces all\u00e9gations de \u00ab\u00a0mensonges infond\u00e9s, d\u00e9nu\u00e9es de toute nuance\u00a0\u00bb.\u00a0 <\/p>\n<p style=\"text-align: justify;\">\u00a0 <\/p>\n<p style=\"text-align: justify;\">Un contexte de fragilisation de la presse priv\u00e9e <\/p>\n<p style=\"text-align: justify;\">\u00a0 <\/p>\n<p style=\"text-align: justify;\">Ces d\u00e9clarations s\u2019inscrivent, selon le CDEPS, dans une dynamique plus large de discr\u00e9dit syst\u00e9matique de la presse priv\u00e9e par les tenants du nouveau r\u00e9gime. L\u2019organisation rappelle que si elle a effectivement mobilis\u00e9 les m\u00e9dias s\u00e9n\u00e9galais en ao\u00fbt 2024, cette initiative visait exclusivement \u00e0 protester contre les atteintes r\u00e9p\u00e9t\u00e9es aux libert\u00e9s de la presse. <\/p>\n<p style=\"text-align: justify;\">\u00a0 <\/p>\n<p style=\"text-align: justify;\">Pr\u00e8s de 23 mois apr\u00e8s son accession au pouvoir, le r\u00e9gime actuel poursuivrait \u00ab\u00a0avec constance et m\u00e9thode une entreprise de fragilisation de la presse priv\u00e9e\u00a0\u00bb, d\u00e9nonce le CDEPS. Cette politique se manifeste par des poursuites fiscales cibl\u00e9es, le blocage de comptes bancaires, le non-paiement de cr\u00e9ances dues par l\u2019\u00c9tat, la confiscation de bouquets t\u00e9l\u00e9visuels ou encore des restrictions d\u2019acc\u00e8s aux manifestations publiques. <\/p>\n<p style=\"text-align: justify;\">\u00a0 <\/p>\n<p style=\"text-align: justify;\">Le communiqu\u00e9 \u00e9voque \u00e9galement des tentatives gouvernementales de nier la l\u00e9galit\u00e9 de m\u00e9dias priv\u00e9s \u00e0 travers des \u201carr\u00eat\u00e9s liberticides\u201d, fort heureusement annul\u00e9s par les juridictions comp\u00e9tentes. <\/p>\n<p style=\"text-align: justify;\">\u00a0 <\/p>\n<p style=\"text-align: justify;\">Un lien artificiel entre la journ\u00e9e sans presse et l\u2019arrestation de Farba Ngom <\/p>\n<p style=\"text-align: justify;\">\u00a0 <\/p>\n<p style=\"text-align: justify;\">Le CDEPS s\u2019interroge sur le lien \u00e9tabli entre la journ\u00e9e sans presse d\u2019ao\u00fbt 2024 et l\u2019arrestation de Farba Ngom intervenue en f\u00e9vrier 2025, estimant que cette construction artificielle pourrait \u00eatre interpr\u00e9t\u00e9e comme \u00ab\u00a0une volont\u00e9 manifeste de manipuler l\u2019opinion publique\u00a0\u00bb.\u00a0 <\/p>\n<p style=\"text-align: justify;\">\u00a0 <\/p>\n<p style=\"text-align: justify;\">En cons\u00e9quence, l\u2019organisation annonce son intention de tirer \u00ab\u00a0l\u2019ensemble des cons\u00e9quences juridiques de ces propos diffamatoires\u00a0\u00bb. Le CDEPS exhorte l\u2019ensemble des professionnels des m\u00e9dias \u00e0 ne s\u2019associer \u00ab\u00a0ni par complaisance, ni par silence, \u00e0 quelque tentative que ce soit de d\u00e9nigrement de la presse priv\u00e9e s\u00e9n\u00e9galaise\u00a0\u00bb.\u00a0 <\/p>\n","protected":false},"excerpt":{"rendered":"Le Conseil des Diffuseurs et \u00c9diteurs de Presse du S\u00e9n\u00e9gal (CDEPS) a publi\u00e9 mardi un communiqu\u00e9 condamnant les&hellip;\n","protected":false},"author":2,"featured_media":23800,"comment_status":"","ping_status":"","sticky":false,"template":"","format":"standard","meta":{"footnotes":""},"categories":[48],"tags":[64,274,279,273,277,278,271,281,283,272,280,276,275,159,282],"class_list":{"0":"post-23799","1":"post","2":"type-post","3":"status-publish","4":"format-standard","5":"has-post-thumbnail","7":"category-senegal","8":"tag-afrique","9":"tag-aliou-cisse","10":"tag-amadou-ba","11":"tag-apr","12":"tag-bassirou-diomaye-faye","13":"tag-bathelemy-dias","14":"tag-dakar","15":"tag-el-malick-ndiaye","16":"tag-guy-marius-sagna","17":"tag-macky-sall","18":"tag-madiambal-diagne","19":"tag-ousmane-sonko","20":"tag-pastef","21":"tag-senegal","22":"tag-ziguinchor"},"share_on_mastodon":{"url":"","error":""},"_links":{"self":[{"href":"https:\/\/www.europesays.com\/africa\/wp-json\/wp\/v2\/posts\/23799","targetHints":{"allow":["GET"]}}],"collection":[{"href":"https:\/\/www.europesays.com\/africa\/wp-json\/wp\/v2\/posts"}],"about":[{"href":"https:\/\/www.europesays.com\/africa\/wp-json\/wp\/v2\/types\/post"}],"author":[{"embeddable":true,"href":"https:\/\/www.europesays.com\/africa\/wp-json\/wp\/v2\/users\/2"}],"replies":[{"embeddable":true,"href":"https:\/\/www.europesays.com\/africa\/wp-json\/wp\/v2\/comments?post=23799"}],"version-history":[{"count":0,"href":"https:\/\/www.europesays.com\/africa\/wp-json\/wp\/v2\/posts\/23799\/revisions"}],"wp:featuredmedia":[{"embeddable":true,"href":"https:\/\/www.europesays.com\/africa\/wp-json\/wp\/v2\/media\/23800"}],"wp:attachment":[{"href":"https:\/\/www.europesays.com\/africa\/wp-json\/wp\/v2\/media?parent=23799"}],"wp:term":[{"taxonomy":"category","embeddable":true,"href":"https:\/\/www.europesays.com\/africa\/wp-json\/wp\/v2\/categories?post=23799"},{"taxonomy":"post_tag","embeddable":true,"href":"https:\/\/www.europesays.com\/africa\/wp-json\/wp\/v2\/tags?post=23799"}],"curies":[{"name":"wp","href":"https:\/\/api.w.org\/{rel}","templated":true}]}}