{"id":23819,"date":"2026-01-14T23:00:12","date_gmt":"2026-01-14T23:00:12","guid":{"rendered":"https:\/\/www.europesays.com\/africa\/23819\/"},"modified":"2026-01-14T23:00:12","modified_gmt":"2026-01-14T23:00:12","slug":"le-maroc-sort-dune-secheresse-de-sept-ans-grace-aux-dernieres-precipitations-selon-nizar-baraka-agrimaroc-ma","status":"publish","type":"post","link":"https:\/\/www.europesays.com\/africa\/23819\/","title":{"rendered":"Le Maroc sort d\u2019une s\u00e9cheresse de sept ans gr\u00e2ce aux derni\u00e8res pr\u00e9cipitations, selon Nizar Baraka \u2013 AgriMaroc.ma"},"content":{"rendered":"<p>Le Maroc a officiellement d\u00e9pass\u00e9 le stade de la s\u00e9cheresse apr\u00e8s sept ann\u00e9es cons\u00e9cutives marqu\u00e9es par un d\u00e9ficit pluviom\u00e9trique, \u00e0 la faveur des pr\u00e9cipitations et chutes de neige enregistr\u00e9es depuis le d\u00e9but de la campagne hydrologique 2025-2026. C\u2019est ce qu\u2019a affirm\u00e9, lundi \u00e0 Rabat, le ministre de l\u2019\u00c9quipement et de l\u2019Eau, Nizar Baraka, lors d\u2019une s\u00e9ance de questions orales \u00e0 la Chambre des repr\u00e9sentants consacr\u00e9e \u00e0 la situation hydrique du Royaume.<\/p>\n<p>Selon les donn\u00e9es pr\u00e9sent\u00e9es par le ministre, le cumul pluviom\u00e9trique national enregistr\u00e9 entre le 1er septembre 2025 et le 12 janvier 2026 a atteint 108 mm, soit une hausse de 95 % par rapport \u00e0 la m\u00eame p\u00e9riode de l\u2019ann\u00e9e pr\u00e9c\u00e9dente et un exc\u00e9dent de 17,6 % par rapport \u00e0 la moyenne annuelle habituelle. \u00ab Ces indicateurs permettent d\u2019affirmer que le Maroc a d\u00e9pass\u00e9 le stade de la s\u00e9cheresse \u00bb, a soulign\u00e9 Nizar Baraka, rappelant qu\u2019une ann\u00e9e est consid\u00e9r\u00e9e comme s\u00e8che lorsque les pr\u00e9cipitations sont inf\u00e9rieures de plus de 20 % \u00e0 la moyenne.<\/p>\n<p>Les chutes de neige ont \u00e9galement jou\u00e9 un r\u00f4le d\u00e9terminant dans l\u2019am\u00e9lioration de la situation hydrique. Des couvertures neigeuses exceptionnelles ont concern\u00e9 jusqu\u2019\u00e0 55.495 km\u00b2 du territoire national, avant de se stabiliser autour de 25.000 km\u00b2, avec des hauteurs atteignant un \u00e0 deux m\u00e8tres dans les zones montagneuses situ\u00e9es au-del\u00e0 de 2.500 m\u00e8tres d\u2019altitude. Cette dynamique s\u2019est traduite par une forte augmentation des apports en eau dans les barrages.<\/p>\n<p>Lire aussi :\u00a0<a href=\"https:\/\/www.agrimaroc.ma\/taroudant-barrages-aoulouz-2026\/\" rel=\"bookmark nofollow noopener\" target=\"_blank\">Taroudant : les retenues du barrage Aoulouz retrouvent un niveau exceptionnel apr\u00e8s les derni\u00e8res pluies<\/a><\/p>\n<p>Le taux de remplissage national des barrages est ainsi pass\u00e9 de 28 % \u00e0 la m\u00eame p\u00e9riode de l\u2019an dernier \u00e0 46 % actuellement, repr\u00e9sentant un volume de 7,7 milliards de m\u00b3. Les apports cumul\u00e9s depuis le d\u00e9but de la campagne hydrologique se sont \u00e9lev\u00e9s \u00e0 3,5 milliards de m\u00b3, dont 3,1 milliards de m\u00b3 sur le seul dernier mois, illustrant l\u2019intensit\u00e9 des \u00e9pisodes pluvieux r\u00e9cents.<\/p>\n<p>Plusieurs bassins hydrauliques affichent d\u00e9sormais des niveaux de remplissage compris entre 80 % et 100 %, notamment dans les bassins du Loukkos et du Sebou. Le barrage Sidi Mohammed Ben Abdellah, pilier de l\u2019alimentation en eau potable de Rabat-Casablanca, a atteint un taux de 92 %, n\u00e9cessitant des l\u00e2chers pr\u00e9ventifs pour \u00e9viter le d\u00e9passement de sa capacit\u00e9. Des am\u00e9liorations significatives ont \u00e9galement \u00e9t\u00e9 observ\u00e9es dans les bassins de l\u2019Oum Er-Rbia, du Tensift, du Souss-Massa, de la Moulouya et du Ziz-Rh\u00e9ris.<\/p>\n<p>Lire aussi :\u00a0<a href=\"https:\/\/www.agrimaroc.ma\/oriental-bassin-moulouya-precipitations-recentes\/\" rel=\"bookmark nofollow noopener\" target=\"_blank\">Bassin de la Moulouya, les pr\u00e9cipitations r\u00e9centes am\u00e9liorent la s\u00e9curit\u00e9 hydrique dans l\u2019Oriental<\/a><\/p>\n<p>Ces apports permettent au Maroc de \u00ab gagner en moyenne une ann\u00e9e d\u2019eau potable au niveau national \u00bb, selon le ministre, tout en confirmant la n\u00e9cessit\u00e9 de poursuivre les strat\u00e9gies structurelles, notamment le dessalement de l\u2019eau de mer et les projets de transfert inter-bassins, conform\u00e9ment aux Hautes Orientations Royales.<\/p>\n","protected":false},"excerpt":{"rendered":"Le Maroc a officiellement d\u00e9pass\u00e9 le stade de la s\u00e9cheresse apr\u00e8s sept ann\u00e9es cons\u00e9cutives marqu\u00e9es par un d\u00e9ficit&hellip;\n","protected":false},"author":2,"featured_media":23820,"comment_status":"","ping_status":"","sticky":false,"template":"","format":"standard","meta":{"footnotes":""},"categories":[41],"tags":[158],"class_list":{"0":"post-23819","1":"post","2":"type-post","3":"status-publish","4":"format-standard","5":"has-post-thumbnail","7":"category-maroc","8":"tag-maroc"},"share_on_mastodon":{"url":"","error":""},"_links":{"self":[{"href":"https:\/\/www.europesays.com\/africa\/wp-json\/wp\/v2\/posts\/23819","targetHints":{"allow":["GET"]}}],"collection":[{"href":"https:\/\/www.europesays.com\/africa\/wp-json\/wp\/v2\/posts"}],"about":[{"href":"https:\/\/www.europesays.com\/africa\/wp-json\/wp\/v2\/types\/post"}],"author":[{"embeddable":true,"href":"https:\/\/www.europesays.com\/africa\/wp-json\/wp\/v2\/users\/2"}],"replies":[{"embeddable":true,"href":"https:\/\/www.europesays.com\/africa\/wp-json\/wp\/v2\/comments?post=23819"}],"version-history":[{"count":0,"href":"https:\/\/www.europesays.com\/africa\/wp-json\/wp\/v2\/posts\/23819\/revisions"}],"wp:featuredmedia":[{"embeddable":true,"href":"https:\/\/www.europesays.com\/africa\/wp-json\/wp\/v2\/media\/23820"}],"wp:attachment":[{"href":"https:\/\/www.europesays.com\/africa\/wp-json\/wp\/v2\/media?parent=23819"}],"wp:term":[{"taxonomy":"category","embeddable":true,"href":"https:\/\/www.europesays.com\/africa\/wp-json\/wp\/v2\/categories?post=23819"},{"taxonomy":"post_tag","embeddable":true,"href":"https:\/\/www.europesays.com\/africa\/wp-json\/wp\/v2\/tags?post=23819"}],"curies":[{"name":"wp","href":"https:\/\/api.w.org\/{rel}","templated":true}]}}