{"id":23870,"date":"2026-01-14T23:44:08","date_gmt":"2026-01-14T23:44:08","guid":{"rendered":"https:\/\/www.europesays.com\/africa\/23870\/"},"modified":"2026-01-14T23:44:08","modified_gmt":"2026-01-14T23:44:08","slug":"larret-loufoque-de-bono-qui-qualifie-le-maroc-en-finale","status":"publish","type":"post","link":"https:\/\/www.europesays.com\/africa\/23870\/","title":{"rendered":"l\u2019arr\u00eat loufoque de Bono qui qualifie le Maroc en finale"},"content":{"rendered":"<p><a href=\"https:\/\/www.footmercato.net\/a8492822368858533761-can-2025-dans-une-bataille-tendue-le-maroc-simpose-aux-tirs-au-but-face-au-nigeria\" rel=\"nofollow noopener\" target=\"_blank\">Le Maroc s\u2019est qualifi\u00e9 pour la finale de la Coupe d\u2019Afrique des Nations aux d\u00e9pens du Nig\u00e9ria<\/a>. Il a fallu attendre 120 minutes, avec un 0-0 \u00e9touffant au cours duquel les hommes de Regragui se sont montr\u00e9s les plus entreprenants, et la s\u00e9ance de tirs au but. <\/p>\n<p>            La suite apr\u00e8s cette publicit\u00e9<\/p>\n<p>Une s\u00e9ance mal entam\u00e9e puisqu\u2019Igamane a \u00e9t\u00e9 le premier \u00e0 se louper. Mais <a href=\"https:\/\/www.footmercato.net\/joueur\/yassine-bounou\/\" rel=\"nofollow noopener\" target=\"_blank\">Bounou<\/a> a sorti sa magie, en sortant deux tirs au but, de Chukwueze puis surtout de Onyemaechi. Sur ce deuxi\u00e8me arr\u00eat, le portier marocain est parti tr\u00e8s t\u00f4t sur un c\u00f4t\u00e9 pour feinter le tireur, et a offert un arr\u00eat peu acad\u00e9mique. Qui qualifie son \u00e9quipe pour la finale, face au S\u00e9n\u00e9gal dimanche prochain.<\/p>\n<p>\n    Pub. le 15\/01\/2026 00:05<br \/>\n            &#8211; MAJ le 15\/01\/2026 00:39\n    <\/p>\n","protected":false},"excerpt":{"rendered":"Le Maroc s\u2019est qualifi\u00e9 pour la finale de la Coupe d\u2019Afrique des Nations aux d\u00e9pens du Nig\u00e9ria. Il&hellip;\n","protected":false},"author":2,"featured_media":23871,"comment_status":"","ping_status":"","sticky":false,"template":"","format":"standard","meta":{"footnotes":""},"categories":[41],"tags":[158],"class_list":{"0":"post-23870","1":"post","2":"type-post","3":"status-publish","4":"format-standard","5":"has-post-thumbnail","7":"category-maroc","8":"tag-maroc"},"share_on_mastodon":{"url":"","error":""},"_links":{"self":[{"href":"https:\/\/www.europesays.com\/africa\/wp-json\/wp\/v2\/posts\/23870","targetHints":{"allow":["GET"]}}],"collection":[{"href":"https:\/\/www.europesays.com\/africa\/wp-json\/wp\/v2\/posts"}],"about":[{"href":"https:\/\/www.europesays.com\/africa\/wp-json\/wp\/v2\/types\/post"}],"author":[{"embeddable":true,"href":"https:\/\/www.europesays.com\/africa\/wp-json\/wp\/v2\/users\/2"}],"replies":[{"embeddable":true,"href":"https:\/\/www.europesays.com\/africa\/wp-json\/wp\/v2\/comments?post=23870"}],"version-history":[{"count":0,"href":"https:\/\/www.europesays.com\/africa\/wp-json\/wp\/v2\/posts\/23870\/revisions"}],"wp:featuredmedia":[{"embeddable":true,"href":"https:\/\/www.europesays.com\/africa\/wp-json\/wp\/v2\/media\/23871"}],"wp:attachment":[{"href":"https:\/\/www.europesays.com\/africa\/wp-json\/wp\/v2\/media?parent=23870"}],"wp:term":[{"taxonomy":"category","embeddable":true,"href":"https:\/\/www.europesays.com\/africa\/wp-json\/wp\/v2\/categories?post=23870"},{"taxonomy":"post_tag","embeddable":true,"href":"https:\/\/www.europesays.com\/africa\/wp-json\/wp\/v2\/tags?post=23870"}],"curies":[{"name":"wp","href":"https:\/\/api.w.org\/{rel}","templated":true}]}}