{"id":23889,"date":"2026-01-14T23:58:10","date_gmt":"2026-01-14T23:58:10","guid":{"rendered":"https:\/\/www.europesays.com\/africa\/23889\/"},"modified":"2026-01-14T23:58:10","modified_gmt":"2026-01-14T23:58:10","slug":"faire-remonter-le-terrain-pour-construire-collectivement-agrimaroc-ma","status":"publish","type":"post","link":"https:\/\/www.europesays.com\/africa\/23889\/","title":{"rendered":"faire remonter le terrain pour construire collectivement \u2013 AgriMaroc.ma"},"content":{"rendered":"<p>L\u2019agriculture marocaine vit une p\u00e9riode charni\u00e8re. Entre stress hydrique structurel, adaptation climatique, \u00e9volution rapide des march\u00e9s, pression sur les co\u00fbts de production et mont\u00e9e en puissance des exigences techniques \u00e0 l\u2019export, les d\u00e9cisions prises aujourd\u2019hui dans les exploitations, les coop\u00e9ratives, les stations de conditionnement et les p\u00e9rim\u00e8tres irrigu\u00e9s engagent durablement l\u2019avenir des fili\u00e8res nationales. Dans ce contexte, l\u2019information agricole ne peut plus \u00eatre descendante, th\u00e9orique ou d\u00e9connect\u00e9e du terrain. Elle doit circuler dans les deux sens. C\u2019est pr\u00e9cis\u00e9ment l\u2019ambition port\u00e9e par AgriMaroc.ma.<\/p>\n<p>Depuis sa cr\u00e9ation, AgriMaroc.ma s\u2019est impos\u00e9 comme une plateforme professionnelle d\u00e9di\u00e9 \u00e0 l\u2019agriculture, \u00e0 l\u2019agronomie et \u00e0 l\u2019agritech au Maroc, en s\u2019appuyant sur des sources institutionnelles, scientifiques et techniques fiables. Mais aucun rapport, aucune \u00e9tude, aucun communiqu\u00e9 officiel ne peut \u00e0 lui seul refl\u00e9ter la diversit\u00e9 des situations v\u00e9cues sur le terrain marocain, du Gharb au Souss, de l\u2019Oriental aux Provinces du Sud, des cultures c\u00e9r\u00e9ali\u00e8res aux fili\u00e8res fruiti\u00e8res, mara\u00eech\u00e8res et animales. L\u2019exp\u00e9rience quotidienne des agriculteurs, ing\u00e9nieurs, techniciens et conseillers est aujourd\u2019hui une source strat\u00e9gique de connaissance.<\/p>\n<p>Chaque parcelle, chaque exploitation, chaque essai vari\u00e9tal, chaque adaptation d\u2019itin\u00e9raire technique face \u00e0 la s\u00e9cheresse ou \u00e0 la salinit\u00e9 constitue une information pr\u00e9cieuse. Ce sont ces retours terrain qui permettent de comprendre ce qui fonctionne r\u00e9ellement dans les conditions agroclimatiques marocaines, ce qui doit \u00eatre ajust\u00e9 et ce qui m\u00e9rite d\u2019\u00eatre partag\u00e9 \u00e0 plus grande \u00e9chelle. AgriMaroc.ma souhaite aujourd\u2019hui ouvrir davantage ses colonnes \u00e0 ces voix du terrain.<\/p>\n<p>Participer \u00e0 AgriMaroc.ma, ce n\u2019est pas simplement t\u00e9moigner. C\u2019est contribuer \u00e0 structurer une intelligence agricole collective, ancr\u00e9e dans les r\u00e9alit\u00e9s du Royaume. Un agriculteur qui partage son exp\u00e9rience sur l\u2019irrigation localis\u00e9e, un ing\u00e9nieur qui analyse les r\u00e9sultats d\u2019un essai de fertilisation raisonn\u00e9e, un technicien qui d\u00e9crit l\u2019\u00e9volution d\u2019une pression parasitaire dans sa r\u00e9gion, un conseiller qui observe l\u2019impact d\u2019une innovation agritech sur les rendements ou les charges, tous participent \u00e0 enrichir une information utile, directement exploitable par les professionnels.<\/p>\n<p>Cette d\u00e9marche r\u00e9pond \u00e0 un besoin concret. Les agriculteurs marocains cherchent aujourd\u2019hui des r\u00e9f\u00e9rences locales, adapt\u00e9es \u00e0 leurs sols, \u00e0 leur climat, \u00e0 leurs contraintes \u00e9conomiques. Les ing\u00e9nieurs et techniciens ont besoin de confronter les donn\u00e9es th\u00e9oriques aux r\u00e9alit\u00e9s de terrain. Les exportateurs et acteurs des fili\u00e8res doivent anticiper les \u00e9volutions qualitatives, sanitaires et r\u00e9glementaires \u00e0 partir de situations r\u00e9elles. Faire remonter l\u2019information terrain permet de mieux \u00e9clairer les choix techniques, \u00e9conomiques et strat\u00e9giques.<\/p>\n<p>AgriMaroc.ma s\u2019engage \u00e0 traiter ces contributions avec la rigueur n\u00e9cessaire qui fait sa ligne \u00e9ditoriale. Les informations partag\u00e9es sont contextualis\u00e9es, recoup\u00e9es, mises en perspective avec des donn\u00e9es institutionnelles et scientifiques lorsque cela est pertinent. L\u2019objectif n\u2019est ni la promotion individuelle ni le discours approximatif, mais la valorisation d\u2019exp\u00e9riences concr\u00e8tes, v\u00e9rifiables et utiles \u00e0 la communaut\u00e9 agricole marocaine.<\/p>\n<p>Dans un pays o\u00f9 l\u2019agriculture repr\u00e9sente un pilier \u00e9conomique, social et territorial majeur, la circulation de l\u2019information professionnelle est un levier de r\u00e9silience et de performance. Donner la parole au terrain, c\u2019est aussi valoriser le savoir-faire marocain, souvent sous-estim\u00e9, et montrer que l\u2019innovation ne vient pas uniquement des laboratoires ou des salons, mais aussi des champs, des vergers et des \u00e9levages.<\/p>\n<p>AgriMaroc.ma invite ainsi les agriculteurs, ing\u00e9nieurs agronomes, techniciens, conseillers agricoles, responsables de coop\u00e9ratives et acteurs des fili\u00e8res \u00e0 partager leurs observations, leurs r\u00e9ussites, leurs difficult\u00e9s et leurs enseignements. Chaque contribution participe \u00e0 renforcer un support agricole marocain ind\u00e9pendant, cr\u00e9dible et utile, au service de celles et ceux qui font vivre l\u2019agriculture du Royaume au quotidien.<\/p>\n<p style=\"text-align: center;\">Envoyez nous un mail sur <a href=\"http:\/\/www.agrimaroc.ma\/cdn-cgi\/l\/email-protection#86e5e9e8f2e7e5f2c6e7e1f4efebe7f4e9e5a8ebe7\" rel=\"nofollow noopener\" target=\"_blank\">[email\u00a0protected]<\/a><\/p>\n","protected":false},"excerpt":{"rendered":"L\u2019agriculture marocaine vit une p\u00e9riode charni\u00e8re. Entre stress hydrique structurel, adaptation climatique, \u00e9volution rapide des march\u00e9s, pression sur&hellip;\n","protected":false},"author":2,"featured_media":23890,"comment_status":"","ping_status":"","sticky":false,"template":"","format":"standard","meta":{"footnotes":""},"categories":[41],"tags":[158],"class_list":{"0":"post-23889","1":"post","2":"type-post","3":"status-publish","4":"format-standard","5":"has-post-thumbnail","7":"category-maroc","8":"tag-maroc"},"share_on_mastodon":{"url":"","error":""},"_links":{"self":[{"href":"https:\/\/www.europesays.com\/africa\/wp-json\/wp\/v2\/posts\/23889","targetHints":{"allow":["GET"]}}],"collection":[{"href":"https:\/\/www.europesays.com\/africa\/wp-json\/wp\/v2\/posts"}],"about":[{"href":"https:\/\/www.europesays.com\/africa\/wp-json\/wp\/v2\/types\/post"}],"author":[{"embeddable":true,"href":"https:\/\/www.europesays.com\/africa\/wp-json\/wp\/v2\/users\/2"}],"replies":[{"embeddable":true,"href":"https:\/\/www.europesays.com\/africa\/wp-json\/wp\/v2\/comments?post=23889"}],"version-history":[{"count":0,"href":"https:\/\/www.europesays.com\/africa\/wp-json\/wp\/v2\/posts\/23889\/revisions"}],"wp:featuredmedia":[{"embeddable":true,"href":"https:\/\/www.europesays.com\/africa\/wp-json\/wp\/v2\/media\/23890"}],"wp:attachment":[{"href":"https:\/\/www.europesays.com\/africa\/wp-json\/wp\/v2\/media?parent=23889"}],"wp:term":[{"taxonomy":"category","embeddable":true,"href":"https:\/\/www.europesays.com\/africa\/wp-json\/wp\/v2\/categories?post=23889"},{"taxonomy":"post_tag","embeddable":true,"href":"https:\/\/www.europesays.com\/africa\/wp-json\/wp\/v2\/tags?post=23889"}],"curies":[{"name":"wp","href":"https:\/\/api.w.org\/{rel}","templated":true}]}}