{"id":23906,"date":"2026-01-15T00:14:34","date_gmt":"2026-01-15T00:14:34","guid":{"rendered":"https:\/\/www.europesays.com\/africa\/23906\/"},"modified":"2026-01-15T00:14:34","modified_gmt":"2026-01-15T00:14:34","slug":"dur-mais-exceptionnel-a-bezons-les-supporters-du-maroc-savourent-sa-victoire-apres-un-match-tendu","status":"publish","type":"post","link":"https:\/\/www.europesays.com\/africa\/23906\/","title":{"rendered":"\u00ab\u00a0Dur mais exceptionnel\u00a0!\u00a0\u00bb\u00a0: \u00e0 Bezons, les supporters du Maroc savourent sa victoire apr\u00e8s un match tendu"},"content":{"rendered":"<p class=\"paragraph text_align_left lp-f-body-02\">Et \u00e0 la fin, <a href=\"https:\/\/www.leparisien.fr\/sports\/football\/coupe-d-afrique-des-nations\/maroc-nigeria-0-0-4-2-aux-tab-les-lions-de-latlas-en-finale-de-la-can-au-bout-du-suspense-15-01-2026-GIN5H2FTFRG7BDAVZVKZLTATXE.php\" target=\"_blank\" rel=\"noreferrer nofollow noopener\">le Maroc a gagn\u00e9<\/a>. Et ses supporters ont exult\u00e9 \u00e0 Bezons (Val-d\u2019Oise). Comme soulag\u00e9s au terme de ce match serr\u00e9, qui a mis \u00e0 rude \u00e9preuve les nerfs de ces derniers.<\/p>\n<p class=\"\">Les visages se sont souvent fig\u00e9s face aux occasions manqu\u00e9es. Ce mercredi soir, les 200 places du Bootmaker, un grand bar de la ville, \u00e9taient remplies de supporters v\u00eatus de rouge pour soutenir <a href=\"https:\/\/www.leparisien.fr\/sports\/football\/coupe-d-afrique-des-nations\/nigeria-maroc-0-0-2-4-tab-les-images-de-la-joie-des-lions-de-latlas-apres-leur-victoire-aux-tirs-au-but-15-01-2026-RIPYQ2RLVNHPTKVPZ4K4YGRY3M.php\" target=\"_blank\" rel=\"noreferrer nofollow noopener\">les Lions de l\u2019Atlas<\/a>, qui affrontaient les Nig\u00e9rians en demi-finale de la Coupe d\u2019Afrique des nations.<\/p>\n<p class=\"\">Les fans du Maroc ont suivi la rencontre dans une atmosph\u00e8re d\u2019abord confiante, puis tendue en scrutant de pr\u00e8s les actions des joueurs stars, comme le d\u00e9fenseur marocain du PSG, Achraf Hakimi.<\/p>\n<p>\u00ab \u00c0 Bezons, on ressent un engouement autour de la CAN \u00bb<\/p>\n<p class=\"\">La ville du Val-d\u2019Oise compte une importante communaut\u00e9 franco-marocaine, qui a l\u2019habitude de se retrouver ici depuis le d\u00e9but de la CAN. Un jeune tente de s\u2019asseoir devant l\u2019\u00e9cran 20 minutes avant le d\u00e9but du match. \u00ab Non ? C\u2019est complet \u00bb, l\u2019arr\u00eate Ram, le g\u00e9rant du staff du Bootmaker. D\u00e9pit\u00e9s, certains ont d\u00fb faire demi-tour. D\u2019autres regardent la t\u00e9l\u00e9vision depuis l\u2019entr\u00e9e du bar sans s\u2019asseoir.<\/p>\n<p><img decoding=\"async\" class=\"image \" loading=\"lazy\" src=\"https:\/\/www.europesays.com\/africa\/wp-content\/uploads\/2026\/01\/MPCDZL4P5JGY7FRRH2II4AFJB4.jpg\" alt=\"Bezons, le 14 janvier. La joie des supporters.  Ewen Gavet\/Icon Sport\" align=\"\" data-rubrique-principale=\"\" data-article-type=\"\" fetchpriority=\"auto\"\/>Bezons, le 14 janvier. La joie des supporters.  Ewen Gavet\/Icon Sport <\/p>\n<p class=\"\">Quand Achraf Hakimi entre sur le terrain, une jeune fille, drapeau marocain sur les \u00e9paules, se l\u00e8ve en chantant l\u2019hymne nationale. Imm\u00e9diatement, toute la salle suit. Kenza Haddad, supportrice du <a href=\"https:\/\/www.leparisien.fr\/sports\/football\/coupe-d-afrique-des-nations\/le-coeur-du-maroc-tout-entier-va-sarreter-de-battre-avant-la-demi-finale-a-domicile-de-la-can-tension-maximale-a-rabat-13-01-2026-SGOKYHCTQRD53F26WZ2XV3GXYQ.php\" target=\"_blank\" rel=\"noreferrer nofollow noopener\">Maroc<\/a>, a mis toute sa famille en rouge. Ses enfants portent le maillot d\u2019Achraf Hakimi.<\/p>\n<p class=\"\">\u00ab \u00c0 Bezons, on ressent un engouement autour de la CAN, sourit-elle. On attend depuis plus de vingt ans que le Maroc gagne. Mais aujourd\u2019hui, l\u2019\u00e9quipe adverse est de taille. Ce bar diffuse tous les matchs de la Coupe d\u2019Afrique. Pour les Franco-Marocains, c\u2019est un lieu de rassemblement. \u00bb<\/p>\n<p>\u00ab La CAN est exceptionnelle cette ann\u00e9e \u00bb<\/p>\n<p class=\"\">\u00c0 chaque fois qu\u2019un joueur marocain s\u2019empare de la balle, Alladdine, 30 ans, s\u2019anime sur son si\u00e8ge. Il plonge aussi sa t\u00eate dans ses mains \u00e0 chaque but manqu\u00e9 de peu. \u00ab La CAN est exceptionnelle cette ann\u00e9e, estime cet habitant de Bezons d\u2019origine tunisienne. Il n\u2019y a eu que des gros matchs m\u00eame si celui-ci a commenc\u00e9 doucement. Le Nigeria a des bons joueurs comme Victor Osimhen. \u00bb<\/p>\n<p class=\"\">Hamza, 30 ans, d\u00e9guste, lui, une pizza sans quitter l\u2019\u00e9cran des yeux. \u00ab C\u2019est la premi\u00e8re fois que quatre joueurs avec le ballon d\u2019or s\u2019affrontent : Hakimi, Sadio Man\u00e9 (S\u00e9n\u00e9gal), Mohamed Salah (\u00c9gypte) et Victor Osimhen \u00bb, s\u2019enthousiasme-t-il.<\/p>\n<p class=\"\">\u00c0 la mi-temps, Anas croit voir \u00ab de l\u2019intensit\u00e9 c\u00f4t\u00e9 Maroc \u00bb. \u00ab Contrairement \u00e0 son match pr\u00e9c\u00e9dent face \u00e0 l\u2019Alg\u00e9rie, le Nigeria est plut\u00f4t en d\u00e9fense \u00bb, observe-t-il.<\/p>\n<p>Le bar a fait le plein tous les matchs<\/p>\n<p class=\"\">Ici, un seul arbore un visage ravi tout au long du match. Romain, le patron de l\u2019\u00e9tablissement, affiche un grand sourire. \u00ab Ce soir, nous avons un gros pic d\u2019activit\u00e9 avec le Maroc. On a diffus\u00e9 toute la CAN. Tous les matchs ont eu du succ\u00e8s. Ce soir, nos 200 places sont compl\u00e8tes. \u00bb Et de plaisanter : \u00ab Forc\u00e9ment, cela nous arrange si le Maroc gagne. \u00bb<\/p>\n<p class=\"\">La salle r\u00e9sonne des \u00ab allez \u00bb [ser] en arabe d\u00e8s qu\u2019un joueur avance vers le but. Mais peu \u00e0 peu, les sourires laissent place \u00e0 des expressions tendues. \u00ab On sent que les deux \u00e9quipes ont peur car l\u2019enjeu est de taille \u00bb, commente Haman, un supporter.<\/p>\n<p>Les prolongations font trembler les supporters<\/p>\n<p class=\"\">Alain, rare supporter du Nigeria, grimace en mangeant son plat. \u00ab Le Nigeria souffre, souffle cet habitant de Guerville (Yvelines) originaire du Congo. Je suis l\u2019\u00e9quipe du Nigeria depuis mon enfance. Le match est compliqu\u00e9. Victor Osimhen n\u2019est pas \u00e0 la hauteur. \u00bb<\/p>\n<p><img decoding=\"async\" class=\"image \" loading=\"lazy\" src=\"https:\/\/www.europesays.com\/africa\/wp-content\/uploads\/2026\/01\/VKXLNQSRT5HMHJNIGHAGUXTPTA.jpg\" alt=\"Bezons, le 14 janvier. L'inqui\u00e9tude a gagn\u00e9 les fans du Maroc au fil des minutes. Ewen Gavet\/Icon Sport\" align=\"\" data-rubrique-principale=\"\" data-article-type=\"\" fetchpriority=\"auto\"\/>Bezons, le 14 janvier. L&#8217;inqui\u00e9tude a gagn\u00e9 les fans du Maroc au fil des minutes. Ewen Gavet\/Icon Sport <\/p>\n<p class=\"\">\u00c0 22h30, les supporters du Maroc s\u2019\u00e9nervent en tapant du poing sur la table face aux difficult\u00e9s de leur \u00e9quipe. Lors du coup de sifflet des prolongations, les regards s\u2019assombrissent. \u00ab Les Marocains dominent mais on a peur qu\u2019ils aient trop donn\u00e9 physiquement \u00bb, avoue Haman.<\/p>\n<p class=\"\">Dans les derni\u00e8res minutes, le bar s\u2019anime pourtant \u00e0 nouveau juste avant les tirs au but. Les supporters chantent pour pousser une derni\u00e8re fois leur \u00e9quipe. Ils crient ensemble \u00ab Allez Bounou ! \u00bb pour encourager le gardien marocain.<\/p>\n<p>Ils ont dans\u00e9 sur les tables<\/p>\n<p class=\"\">Tous scandent le nom de chaque joueur. La liesse \u00e9clate apr\u00e8s chaque tir au but r\u00e9ussi. Celui<a href=\"https:\/\/www.leparisien.fr\/sports\/football\/coupe-d-afrique-des-nations\/il-sest-sacrifie-comme-personne-pour-le-maroc-achraf-hakimi-le-retour-de-lattrape-reves-14-01-2026-TYUEWQICT5BDXBBF6NPTUFXAAE.php\" target=\"_blank\" rel=\"noreferrer nofollow noopener\"> d\u2019Hakimi<\/a> d\u00e9cha\u00eene les cris de joie.<\/p>\n<p class=\"\">Au 4e tir au but, les supporters exultent. Les clients se l\u00e8vent de table en hurlant gaiement, apr\u00e8s le coup de sifflet final et une victoire 4-2. Certains montent carr\u00e9ment sur les tables pour danser dessus. \u00ab C\u2019\u00e9tait un gros match, s\u2019exclame Alladine. Jusqu\u2019au bout, on a tenu. C\u2019\u00e9tait dur mais c\u2019\u00e9tait exceptionnel ! \u00bb<\/p>\n","protected":false},"excerpt":{"rendered":"Et \u00e0 la fin, le Maroc a gagn\u00e9. Et ses supporters ont exult\u00e9 \u00e0 Bezons (Val-d\u2019Oise). Comme soulag\u00e9s&hellip;\n","protected":false},"author":2,"featured_media":23907,"comment_status":"","ping_status":"","sticky":false,"template":"","format":"standard","meta":{"footnotes":""},"categories":[41],"tags":[10016,158,264,14627],"class_list":{"0":"post-23906","1":"post","2":"type-post","3":"status-publish","4":"format-standard","5":"has-post-thumbnail","7":"category-maroc","8":"tag-ma-ville","9":"tag-maroc","10":"tag-sports","11":"tag-val-d-oise"},"share_on_mastodon":{"url":"","error":""},"_links":{"self":[{"href":"https:\/\/www.europesays.com\/africa\/wp-json\/wp\/v2\/posts\/23906","targetHints":{"allow":["GET"]}}],"collection":[{"href":"https:\/\/www.europesays.com\/africa\/wp-json\/wp\/v2\/posts"}],"about":[{"href":"https:\/\/www.europesays.com\/africa\/wp-json\/wp\/v2\/types\/post"}],"author":[{"embeddable":true,"href":"https:\/\/www.europesays.com\/africa\/wp-json\/wp\/v2\/users\/2"}],"replies":[{"embeddable":true,"href":"https:\/\/www.europesays.com\/africa\/wp-json\/wp\/v2\/comments?post=23906"}],"version-history":[{"count":0,"href":"https:\/\/www.europesays.com\/africa\/wp-json\/wp\/v2\/posts\/23906\/revisions"}],"wp:featuredmedia":[{"embeddable":true,"href":"https:\/\/www.europesays.com\/africa\/wp-json\/wp\/v2\/media\/23907"}],"wp:attachment":[{"href":"https:\/\/www.europesays.com\/africa\/wp-json\/wp\/v2\/media?parent=23906"}],"wp:term":[{"taxonomy":"category","embeddable":true,"href":"https:\/\/www.europesays.com\/africa\/wp-json\/wp\/v2\/categories?post=23906"},{"taxonomy":"post_tag","embeddable":true,"href":"https:\/\/www.europesays.com\/africa\/wp-json\/wp\/v2\/tags?post=23906"}],"curies":[{"name":"wp","href":"https:\/\/api.w.org\/{rel}","templated":true}]}}