{"id":23920,"date":"2026-01-15T00:24:25","date_gmt":"2026-01-15T00:24:25","guid":{"rendered":"https:\/\/www.europesays.com\/africa\/23920\/"},"modified":"2026-01-15T00:24:25","modified_gmt":"2026-01-15T00:24:25","slug":"mane-a-montre-a-salah-qui-est-le-roi-de-lafrique","status":"publish","type":"post","link":"https:\/\/www.europesays.com\/africa\/23920\/","title":{"rendered":"Man\u00e9 a montr\u00e9 \u00e0 Salah qui est le roi de l&#8217;Afrique."},"content":{"rendered":"<p>Le S\u00e9n\u00e9gal a battu l&#8217;\u00c9gypte 1-0 en demi-finale de la Coupe d&#8217;Afrique des Nations, gr\u00e2ce \u00e0 un but de Sadio Man\u00e9. Ce sc\u00e9nario est malheureusement fr\u00e9quent chez les supporters de football du continent africain.<\/p>\n<p> Man\u00e9 a continu\u00e9 d&#8217;\u00eatre le joueur cl\u00e9 de la CAN. Il a \u00e9t\u00e9 impliqu\u00e9 directement dans 20 buts durant le tournoi, dont 11 buts et 9 passes d\u00e9cisives. Aucun joueur n&#8217;a r\u00e9alis\u00e9 une telle performance depuis ses d\u00e9buts en \u00e9quipe nationale du S\u00e9n\u00e9gal. <\/p>\n<p><img loading=\"lazy\" decoding=\"async\" style=\"cursor:pointer\" imgid=\"7315990\" src=\"https:\/\/www.europesays.com\/africa\/wp-content\/uploads\/2026\/01\/2026_01_14T185148Z_1408736741_UP1EM1E1GEAM7_RTRMADP_3_SOCCER_NATIONS_SEN_EGY.JPG\" title=\"Mohamed Salah (image 1)\" alt=\"Mohamed Salah anh 1\" width=\"1000\" height=\"667\"\/><\/p>\n<p> Le S\u00e9n\u00e9gal vit actuellement sa p\u00e9riode la plus faste en CAN.<\/p>\n<p> Quant \u00e0 l&#8217;\u00e9quipe du S\u00e9n\u00e9gal, elle a prolong\u00e9 sa s\u00e9rie d&#8217;invincibilit\u00e9 \u00e0 la CAN \u00e0 17 matchs, hors tirs au but. Elle a \u00e9galement atteint la finale pour la troisi\u00e8me fois lors des quatre derni\u00e8res \u00e9ditions. Il convient de rappeler que durant la p\u00e9riode pr\u00e9c\u00e9dente, elle n&#8217;avait atteint la finale qu&#8217;une seule fois, en 2002, sur les 14 premi\u00e8res CAN.<\/p>\n<p> L&#8217;\u00c9gypte a quitt\u00e9 le tournoi sur une note d\u00e9cevante. Mohamed Salah n&#8217;a laiss\u00e9 aucune trace, si ce n&#8217;est une s\u00e9rie de statistiques \u00e0 z\u00e9ro.<\/p>\n<p> Jamie Carragher a un jour lanc\u00e9 un avertissement. Il a d\u00e9clar\u00e9 que Salah \u00e9tait le plus grand joueur de l&#8217;histoire \u00e9gyptienne, tout en soulignant que Salah n&#8217;avait jamais remport\u00e9 la CAN. De toute \u00e9vidence, Carragher privil\u00e9gie le jeu collectif au football, plut\u00f4t que la performance individuelle qui accapare toute l&#8217;attention.<\/p>\n<p> L&#8217;historique des confrontations directes penche de plus en plus en faveur du S\u00e9n\u00e9gal. En 2021, Man\u00e9 a inscrit le penalty d\u00e9cisif en finale de la CAN contre l&#8217;\u00c9gypte. En 2022, le S\u00e9n\u00e9gal a \u00e9limin\u00e9 l&#8217;\u00c9gypte aux tirs au but pour se qualifier pour la Coupe du monde. En 2025, Man\u00e9 a de nouveau marqu\u00e9 le but de la victoire en demi-finale de la CAN, \u00e9liminant ainsi l&#8217;\u00c9gypte.<\/p>\n<p> Il ne s&#8217;agit plus d&#8217;une rivalit\u00e9 personnelle. Il s&#8217;agit d&#8217;une affirmation de puissance et de prestige. Le S\u00e9n\u00e9gal, sous la direction de Man\u00e9, est en train de b\u00e2tir l&#8217;\u00e8re la plus glorieuse de son histoire.<\/p>\n<p> Pour Mohamed Salah, la CAN reste un obstacle de taille. Quant \u00e0 Man\u00e9, il se rapproche d&#8217;un deuxi\u00e8me titre mondial.<\/p>\n<p class=\"mb-0\"> Source : https:\/\/znews.vn\/mane-cho-salah-biet-ai-la-vua-chau-phi-post1619697.html<\/p>\n","protected":false},"excerpt":{"rendered":"Le S\u00e9n\u00e9gal a battu l&#8217;\u00c9gypte 1-0 en demi-finale de la Coupe d&#8217;Afrique des Nations, gr\u00e2ce \u00e0 un but&hellip;\n","protected":false},"author":2,"featured_media":23921,"comment_status":"","ping_status":"","sticky":false,"template":"","format":"standard","meta":{"footnotes":""},"categories":[62],"tags":[64],"class_list":{"0":"post-23920","1":"post","2":"type-post","3":"status-publish","4":"format-standard","5":"has-post-thumbnail","7":"category-afrique","8":"tag-afrique"},"share_on_mastodon":{"url":"","error":""},"_links":{"self":[{"href":"https:\/\/www.europesays.com\/africa\/wp-json\/wp\/v2\/posts\/23920","targetHints":{"allow":["GET"]}}],"collection":[{"href":"https:\/\/www.europesays.com\/africa\/wp-json\/wp\/v2\/posts"}],"about":[{"href":"https:\/\/www.europesays.com\/africa\/wp-json\/wp\/v2\/types\/post"}],"author":[{"embeddable":true,"href":"https:\/\/www.europesays.com\/africa\/wp-json\/wp\/v2\/users\/2"}],"replies":[{"embeddable":true,"href":"https:\/\/www.europesays.com\/africa\/wp-json\/wp\/v2\/comments?post=23920"}],"version-history":[{"count":0,"href":"https:\/\/www.europesays.com\/africa\/wp-json\/wp\/v2\/posts\/23920\/revisions"}],"wp:featuredmedia":[{"embeddable":true,"href":"https:\/\/www.europesays.com\/africa\/wp-json\/wp\/v2\/media\/23921"}],"wp:attachment":[{"href":"https:\/\/www.europesays.com\/africa\/wp-json\/wp\/v2\/media?parent=23920"}],"wp:term":[{"taxonomy":"category","embeddable":true,"href":"https:\/\/www.europesays.com\/africa\/wp-json\/wp\/v2\/categories?post=23920"},{"taxonomy":"post_tag","embeddable":true,"href":"https:\/\/www.europesays.com\/africa\/wp-json\/wp\/v2\/tags?post=23920"}],"curies":[{"name":"wp","href":"https:\/\/api.w.org\/{rel}","templated":true}]}}