{"id":23926,"date":"2026-01-15T00:28:17","date_gmt":"2026-01-15T00:28:17","guid":{"rendered":"https:\/\/www.europesays.com\/africa\/23926\/"},"modified":"2026-01-15T00:28:17","modified_gmt":"2026-01-15T00:28:17","slug":"le-maroc-repense-sa-lutte-contre-les-bidonvilles-et-lexplosion-des-loyers","status":"publish","type":"post","link":"https:\/\/www.europesays.com\/africa\/23926\/","title":{"rendered":"Le Maroc repense sa lutte contre les bidonvilles et l\u2019explosion des loyers"},"content":{"rendered":"<p class=\"default__StyledText-sc-10mj2vp-0 CxBBS body-paragraph\">Au 31 d\u00e9cembre 2025, pas moins de 382 176 familles ont b\u00e9n\u00e9fici\u00e9 du programme national Villes sans bidonvilles. C\u2019est ce que vient d\u2019annoncer lundi \u00e0 Rabat le secr\u00e9taire d\u2019\u00c9tat charg\u00e9 de l\u2019Habitat, Adib Benbrahim. \u00abCe nombre, qui t\u00e9moigne de l\u2019ampleur d\u2019un chantier initi\u00e9 il y a plus de vingt ans, traduit surtout la volont\u00e9 du gouvernement de repenser profond\u00e9ment la mani\u00e8re dont il aborde la question du logement informel\u00bb, souligne le quotidien L\u2019\u00c9conomiste dans son \u00e9dition du jeudi 15 janvier.<\/p>\n<p class=\"default__StyledText-sc-10mj2vp-0 CxBBS body-paragraph\">Plus qu\u2019une question de chiffres, c\u2019est la m\u00e9thode qui marque une rupture. Aujourd\u2019hui, soixante-deux villes et centres urbains sont officiellement d\u00e9clar\u00e9s sans bidonvilles. L\u2019ex\u00e9cutif explique ce r\u00e9sultat par une inflexion strat\u00e9gique au cours du mandat actuel: le passage d\u2019une politique de relogement \u00e0 une politique de recasement. Il ne s\u2019agit plus simplement de d\u00e9placer les populations vivant dans des conditions pr\u00e9caires, mais de les int\u00e9grer durablement dans le tissu urbain, en veillant \u00e0 leur acc\u00e8s aux services, \u00e0 l\u2019emploi et aux r\u00e9seaux de sociabilit\u00e9. Cette approche, plus globale, vise \u00e0 transformer le logement en levier d\u2019inclusion sociale, plut\u00f4t qu\u2019en simple op\u00e9ration technique de d\u00e9molition et de reconstruction.<\/p>\n<p class=\"default__StyledText-sc-10mj2vp-0 CxBBS body-paragraph\">\u00abCette dynamique s\u2019inscrit dans le cadre du programme quinquennal 2024-2028\u00bb, pr\u00e9cise L\u2019\u00c9conomiste. Parmi les premi\u00e8res mesures figure la mise \u00e0 jour des donn\u00e9es concernant 120 000 m\u00e9nages r\u00e9partis dans toutes les villes marocaines. Une op\u00e9ration consid\u00e9r\u00e9e par les autorit\u00e9s comme essentielle pour toute planification r\u00e9aliste, alors que les villes connaissent des transformations rapides et complexes. Le gouvernement insiste \u00e9galement sur le r\u00f4le du secteur priv\u00e9 et des promoteurs immobiliers dans ce processus. L\u2019objectif est de produire des logements \u00e0 moins de 300 000 dirhams, avec une contribution financi\u00e8re des b\u00e9n\u00e9ficiaires pouvant descendre jusqu\u2019\u00e0 100 000 dirhams dans certains cas, le reste \u00e9tant pris en charge par des dispositifs publics de soutien.<\/p>\n<p class=\"default__StyledText-sc-10mj2vp-0 CxBBS body-paragraph\">Le calendrier est ambitieux. Selon Adib Benbrahim, le programme devrait s\u2019achever entre fin 2027 et d\u00e9but 2028. Des m\u00e9canismes de suivi seront mis en place pour \u00e9viter la reconstitution de bidonvilles, reconnaissant ainsi que la seule suppression physique des habitats pr\u00e9caires ne garantit pas une solution durable. Si les chiffres et les \u00e9ch\u00e9ances sont clairs, l\u2019enjeu reste d\u00e9sormais de mesurer, sur le long terme, l\u2019efficacit\u00e9 du recasement et sa capacit\u00e9 \u00e0 transformer la politique de r\u00e9sorption de l\u2019habitat insalubre en v\u00e9ritable politique d\u2019int\u00e9gration urbaine.<\/p>\n<p class=\"default__StyledText-sc-10mj2vp-0 CxBBS body-paragraph\">\u00abL\u2019intervention du secr\u00e9taire d\u2019\u00c9tat ne s\u2019est pas limit\u00e9e au programme Villes sans bidonvilles. Elle a \u00e9galement dress\u00e9 un panorama pr\u00e9occupant du march\u00e9 immobilier, o\u00f9 les prix et les loyers continuent de grimper\u00bb, \u00e9crit L\u2019\u00c9conomiste. Selon lui, cette situation r\u00e9sulte avant tout d\u2019un d\u00e9s\u00e9quilibre persistant entre une forte demande et une offre insuffisante, surtout dans les grandes agglom\u00e9rations o\u00f9 se concentrent emplois et services. \u00c0 cette pression structurelle s\u2019ajoutent des facteurs aggravants : la sp\u00e9culation immobili\u00e8re, les acquisitions \u00e0 des fins d\u2019investissement locatif ou de revente, et l\u2019essor de la location temporaire via des plateformes sp\u00e9cialis\u00e9es, qui retire une partie du parc r\u00e9sidentiel du march\u00e9 classique et fait grimper les loyers.<\/p>\n<p class=\"default__StyledText-sc-10mj2vp-0 CxBBS body-paragraph\">Face \u00e0 cette tension, le gouvernement \u00e9tudie une nouvelle formule de location r\u00e9sidentielle. L\u2019id\u00e9e est de proposer des loyers inf\u00e9rieurs d\u2019environ 20% aux prix du march\u00e9, avec la possibilit\u00e9 de transformer une partie des loyers vers\u00e9s en acomptes pour l\u2019achat futur du logement. Les premiers r\u00e9sultats de cette initiative devraient \u00eatre pr\u00e9sent\u00e9s en mars, laissant entrevoir un possible soulagement pour les m\u00e9nages les plus expos\u00e9s \u00e0 la flamb\u00e9e des loyers.<\/p>\n<p>Par La R\u00e9daction <\/p>\n<p>Le 14\/01\/2026 \u00e0 20h04<\/p>\n","protected":false},"excerpt":{"rendered":"Au 31 d\u00e9cembre 2025, pas moins de 382 176 familles ont b\u00e9n\u00e9fici\u00e9 du programme national Villes sans bidonvilles.&hellip;\n","protected":false},"author":2,"featured_media":23927,"comment_status":"","ping_status":"","sticky":false,"template":"","format":"standard","meta":{"footnotes":""},"categories":[41],"tags":[158,9449,14630],"class_list":{"0":"post-23926","1":"post","2":"type-post","3":"status-publish","4":"format-standard","5":"has-post-thumbnail","7":"category-maroc","8":"tag-maroc","9":"tag-ministere-de-linterieur","10":"tag-ministere-de-linterieur-maroc"},"share_on_mastodon":{"url":"","error":""},"_links":{"self":[{"href":"https:\/\/www.europesays.com\/africa\/wp-json\/wp\/v2\/posts\/23926","targetHints":{"allow":["GET"]}}],"collection":[{"href":"https:\/\/www.europesays.com\/africa\/wp-json\/wp\/v2\/posts"}],"about":[{"href":"https:\/\/www.europesays.com\/africa\/wp-json\/wp\/v2\/types\/post"}],"author":[{"embeddable":true,"href":"https:\/\/www.europesays.com\/africa\/wp-json\/wp\/v2\/users\/2"}],"replies":[{"embeddable":true,"href":"https:\/\/www.europesays.com\/africa\/wp-json\/wp\/v2\/comments?post=23926"}],"version-history":[{"count":0,"href":"https:\/\/www.europesays.com\/africa\/wp-json\/wp\/v2\/posts\/23926\/revisions"}],"wp:featuredmedia":[{"embeddable":true,"href":"https:\/\/www.europesays.com\/africa\/wp-json\/wp\/v2\/media\/23927"}],"wp:attachment":[{"href":"https:\/\/www.europesays.com\/africa\/wp-json\/wp\/v2\/media?parent=23926"}],"wp:term":[{"taxonomy":"category","embeddable":true,"href":"https:\/\/www.europesays.com\/africa\/wp-json\/wp\/v2\/categories?post=23926"},{"taxonomy":"post_tag","embeddable":true,"href":"https:\/\/www.europesays.com\/africa\/wp-json\/wp\/v2\/tags?post=23926"}],"curies":[{"name":"wp","href":"https:\/\/api.w.org\/{rel}","templated":true}]}}