{"id":23945,"date":"2026-01-15T00:45:08","date_gmt":"2026-01-15T00:45:08","guid":{"rendered":"https:\/\/www.europesays.com\/africa\/23945\/"},"modified":"2026-01-15T00:45:08","modified_gmt":"2026-01-15T00:45:08","slug":"nuit-de-folie-a-agen-apres-la-qualification-du-maroc","status":"publish","type":"post","link":"https:\/\/www.europesays.com\/africa\/23945\/","title":{"rendered":"Nuit de folie \u00e0 Agen apr\u00e8s la qualification du Maroc"},"content":{"rendered":"<p>\n                                                                    l&#8217;essentiel<br \/>\n                                                                La qualification pour la finale de la Coupe d\u2019Afrique des Nations a port\u00e9 Agen dans l\u2019euphorie.\n                            <\/p>\n<p>La qualification du Maroc pour la finale de la Coupe d\u2019Afrique des Nations a provoqu\u00e9 une v\u00e9ritable explosion de joie ce soir \u00e0 Agen. D\u00e8s le coup de sifflet final de la s\u00e9ance de tirs au but face au Nigeria, plusieurs centaines de personnes se sont rassembl\u00e9es dans le centre-ville pour c\u00e9l\u00e9brer l\u2019exploit des Lions de l\u2019Atlas.<\/p>\n<p>Klaxons, drapeaux, chants et embrassades ont rythm\u00e9 une grande partie de la soir\u00e9e. De la place des Laitiers au boulevard de la R\u00e9publique, les supporters ont envahi les rues dans une ambiance festive et bon enfant. &#8220;C\u2019est historique, on joue la finale au\u00a0Maroc, on ne pouvait pas esp\u00e9rer mieux&#8221;, s\u2019enthousiasmait Yassine, 24 ans, drapeau sur les \u00e9paules.<\/p>\n<p>Beaucoup \u00e9voquent d\u00e9j\u00e0 la finale de dimanche face au S\u00e9n\u00e9gal, esp\u00e9rant revivre la m\u00eame ferveur et, pourquoi pas, un sacre continental.<\/p>\n","protected":false},"excerpt":{"rendered":"l&#8217;essentiel La qualification pour la finale de la Coupe d\u2019Afrique des Nations a port\u00e9 Agen dans l\u2019euphorie. La&hellip;\n","protected":false},"author":2,"featured_media":23946,"comment_status":"","ping_status":"","sticky":false,"template":"","format":"standard","meta":{"footnotes":""},"categories":[41],"tags":[14653,311,6089,158,310],"class_list":{"0":"post-23945","1":"post","2":"type-post","3":"status-publish","4":"format-standard","5":"has-post-thumbnail","7":"category-maroc","8":"tag-agen","9":"tag-football","10":"tag-lot-et-garonne","11":"tag-maroc","12":"tag-sport"},"share_on_mastodon":{"url":"","error":""},"_links":{"self":[{"href":"https:\/\/www.europesays.com\/africa\/wp-json\/wp\/v2\/posts\/23945","targetHints":{"allow":["GET"]}}],"collection":[{"href":"https:\/\/www.europesays.com\/africa\/wp-json\/wp\/v2\/posts"}],"about":[{"href":"https:\/\/www.europesays.com\/africa\/wp-json\/wp\/v2\/types\/post"}],"author":[{"embeddable":true,"href":"https:\/\/www.europesays.com\/africa\/wp-json\/wp\/v2\/users\/2"}],"replies":[{"embeddable":true,"href":"https:\/\/www.europesays.com\/africa\/wp-json\/wp\/v2\/comments?post=23945"}],"version-history":[{"count":0,"href":"https:\/\/www.europesays.com\/africa\/wp-json\/wp\/v2\/posts\/23945\/revisions"}],"wp:featuredmedia":[{"embeddable":true,"href":"https:\/\/www.europesays.com\/africa\/wp-json\/wp\/v2\/media\/23946"}],"wp:attachment":[{"href":"https:\/\/www.europesays.com\/africa\/wp-json\/wp\/v2\/media?parent=23945"}],"wp:term":[{"taxonomy":"category","embeddable":true,"href":"https:\/\/www.europesays.com\/africa\/wp-json\/wp\/v2\/categories?post=23945"},{"taxonomy":"post_tag","embeddable":true,"href":"https:\/\/www.europesays.com\/africa\/wp-json\/wp\/v2\/tags?post=23945"}],"curies":[{"name":"wp","href":"https:\/\/api.w.org\/{rel}","templated":true}]}}