{"id":23965,"date":"2026-01-15T01:00:21","date_gmt":"2026-01-15T01:00:21","guid":{"rendered":"https:\/\/www.europesays.com\/africa\/23965\/"},"modified":"2026-01-15T01:00:21","modified_gmt":"2026-01-15T01:00:21","slug":"can-maroc-senegal-finale-revee-dimanche-a-rabat-quels-lions-lemporteront","status":"publish","type":"post","link":"https:\/\/www.europesays.com\/africa\/23965\/","title":{"rendered":"CAN\u00a0: Maroc \u2013 S\u00e9n\u00e9gal, finale r\u00eav\u00e9e dimanche \u00e0 Rabat\u00a0! Quels Lions l\u2019emporteront\u00a0?"},"content":{"rendered":"<p>\n                                                                    l&#8217;essentiel<br \/>\n                                                                Favoris du tournoi, l\u2019h\u00f4te marocain et les Lions de la Teranga se disputeront le troph\u00e9e, dimanche 18\u00a0janvier, apr\u00e8s avoir respectivement \u00e9limin\u00e9s ce mercredi l\u2019\u00c9gypte (1-0) et le Nigeria aux tirs au but (0-0, 4-2 tab).\n                            <\/p>\n<p>Un dernier penalty du gauche de l\u2019attaquant de Fenerbah\u00e7e Youssef En-Nesyri, petit-filet, et c\u2019est tout le peuple d\u2019un pays qui exulte. Les Lions de l\u2019Atlas auront bien droit \u00e0 leur finale, chez eux \u00e0 Rabat, dimanche soir (20h, beIN1 plus M6 ou W9) face \u00e0 d\u2019autres Lions\u00a0: ceux de la Teranga.<\/p>\n<p>D\u00e9j\u00e0 \u00e0 Rabat, hier, les Marocains n\u2019avaient pas r\u00e9ussi \u00e0 trouver la faille pendant 120 minutes et ont donc d\u00fb s\u2019en remettre aux tirs au but pour se qualifier pour leur deuxi\u00e8me finale de CAN (titre remport\u00e9 en 1976).<\/p>\n<p class=\"std-elt__inline\">\n        \u00c0 lire aussi :<br \/>\n        <a href=\"https:\/\/www.ladepeche.fr\/2026\/01\/12\/le-marabout-recolte-33-500-euros-en-predisant-lidentite-du-vainqueur-de-la-can-2025-il-est-arrete-pour-escroquerie-13158150.php\" rel=\"nofollow noopener\" target=\"_blank\">Le marabout r\u00e9colte 33\u00a0500\u00a0euros en pr\u00e9disant l\u2019identit\u00e9 du vainqueur de la CAN 2025\u00a0: il est arr\u00eat\u00e9 pour escroquerie<\/a>\n    <\/p>\n<p>Plus t\u00f4t, dans un match que les S\u00e9n\u00e9galais ont domin\u00e9 de la t\u00eate et des \u00e9paules sans jamais se montrer dangereux, face \u00e0 des \u00c9gyptiens incompr\u00e9hensiblement inoffensifs, la lumi\u00e8re est venue de Sadio Man\u00e9.<\/p>\n<p class=\"std-elt__inline\">\n        \u00c0 lire aussi :<br \/>\n        <a href=\"https:\/\/www.ladepeche.fr\/2026\/01\/13\/la-deception-est-immense-lemotion-de-luca-zidane-apres-lelimination-de-lalgerie-lors-de-la-can-2025-13159744.php\" rel=\"nofollow noopener\" target=\"_blank\">&#8220;La d\u00e9ception est immense&#8221;\u00a0: l\u2019\u00e9motion de Luca Zidane apr\u00e8s l\u2019\u00e9limination de l\u2019Alg\u00e9rie lors de la CAN 2025<\/a>\n    <\/p>\n<p>\u00c0 l\u2019aff\u00fbt d\u2019un tir de Lamine Camara contr\u00e9 par la d\u00e9fense, Man\u00e9, sans se poser de question, a contr\u00f4l\u00e9 le ballon repris du pied droit aux abords de la surface et surpris Mohamed El-Shenawy au ras du poteau gauche (1-0, 78e).<\/p>\n<p class=\"std-elt__inline\">\n        \u00c0 lire aussi :<br \/>\n        <a href=\"https:\/\/www.ladepeche.fr\/2026\/01\/14\/can-2025-furieux-il-dechire-des-billets-de-banque-marocains-pourquoi-un-supporter-de-lalgerie-risque-la-prison-pour-son-geste-13161434.php\" rel=\"nofollow noopener\" target=\"_blank\">CAN 2025\u00a0: furieux, il d\u00e9chire des billets de banque marocains, pourquoi un supporter de l\u2019Alg\u00e9rie risque la prison pour son geste<\/a>\n    <\/p>\n<p>Dans le duel qui l\u2019opposait \u00e0 Mohamed Salah, son ex-partenaire \u00e0 Liverpool, c\u2019est la star s\u00e9n\u00e9galaise qui l\u2019a donc emport\u00e9, pour donner \u00e0 son pays une chance de remporter une seconde CAN, apr\u00e8s 2021. Le S\u00e9n\u00e9gal va disputer sa troisi\u00e8me finale en quatre \u00e9ditions. Quant \u00e0 Salah, 33 ans, et m\u00eame si l\u2019\u00c9gypte est qualifi\u00e9e pour le Mondial-2026, il ne remportera certainement jamais une comp\u00e9tition majeure avec sa s\u00e9lection.<\/p>\n<p>Le capitaine s\u00e9n\u00e9galais absent<\/p>\n<p>Les Lions de la Teranga y avancent eux. Sans briller, sans jamais trembler non plus. Tout se serait d\u2019ailleurs d\u00e9roul\u00e9 sans accroc pour le S\u00e9n\u00e9gal si Kalidou Koulibaly, son capitaine, n\u2019avait pas v\u00e9cu un match cauchemardesque. Omar Marmoush a oblig\u00e9 le d\u00e9fenseur d\u2019Al-Hilal \u00e0 faire une faute suffisamment s\u00e9v\u00e8re pour qu\u2019il \u00e9cope d\u2019un carton jaune (16e). D\u00e9j\u00e0 averti en quart face au Mali, il sera suspendu dimanche. En plus de s\u2019\u00eatre bless\u00e9\u00a0!<\/p>\n","protected":false},"excerpt":{"rendered":"l&#8217;essentiel Favoris du tournoi, l\u2019h\u00f4te marocain et les Lions de la Teranga se disputeront le troph\u00e9e, dimanche 18\u00a0janvier,&hellip;\n","protected":false},"author":2,"featured_media":23966,"comment_status":"","ping_status":"","sticky":false,"template":"","format":"standard","meta":{"footnotes":""},"categories":[48],"tags":[311,159,310],"class_list":{"0":"post-23965","1":"post","2":"type-post","3":"status-publish","4":"format-standard","5":"has-post-thumbnail","7":"category-senegal","8":"tag-football","9":"tag-senegal","10":"tag-sport"},"share_on_mastodon":{"url":"","error":""},"_links":{"self":[{"href":"https:\/\/www.europesays.com\/africa\/wp-json\/wp\/v2\/posts\/23965","targetHints":{"allow":["GET"]}}],"collection":[{"href":"https:\/\/www.europesays.com\/africa\/wp-json\/wp\/v2\/posts"}],"about":[{"href":"https:\/\/www.europesays.com\/africa\/wp-json\/wp\/v2\/types\/post"}],"author":[{"embeddable":true,"href":"https:\/\/www.europesays.com\/africa\/wp-json\/wp\/v2\/users\/2"}],"replies":[{"embeddable":true,"href":"https:\/\/www.europesays.com\/africa\/wp-json\/wp\/v2\/comments?post=23965"}],"version-history":[{"count":0,"href":"https:\/\/www.europesays.com\/africa\/wp-json\/wp\/v2\/posts\/23965\/revisions"}],"wp:featuredmedia":[{"embeddable":true,"href":"https:\/\/www.europesays.com\/africa\/wp-json\/wp\/v2\/media\/23966"}],"wp:attachment":[{"href":"https:\/\/www.europesays.com\/africa\/wp-json\/wp\/v2\/media?parent=23965"}],"wp:term":[{"taxonomy":"category","embeddable":true,"href":"https:\/\/www.europesays.com\/africa\/wp-json\/wp\/v2\/categories?post=23965"},{"taxonomy":"post_tag","embeddable":true,"href":"https:\/\/www.europesays.com\/africa\/wp-json\/wp\/v2\/tags?post=23965"}],"curies":[{"name":"wp","href":"https:\/\/api.w.org\/{rel}","templated":true}]}}