{"id":24006,"date":"2026-01-15T01:31:54","date_gmt":"2026-01-15T01:31:54","guid":{"rendered":"https:\/\/www.europesays.com\/africa\/24006\/"},"modified":"2026-01-15T01:31:54","modified_gmt":"2026-01-15T01:31:54","slug":"on-va-prendre-la-coupe-pour-lui-lultime-defi-de-sadio-mane-lhomme-providentiel-du-senegal-en-finale-de-la-can","status":"publish","type":"post","link":"https:\/\/www.europesays.com\/africa\/24006\/","title":{"rendered":"\u00ab\u00a0On va prendre la coupe pour lui\u00a0\u00bb\u00a0: l\u2019ultime d\u00e9fi de Sadio Man\u00e9, l\u2019homme providentiel du S\u00e9n\u00e9gal en finale de la CAN"},"content":{"rendered":"<p class=\"paragraph text_align_left lp-f-body-02\">Dans une nuit jusque-l\u00e0 bien calme, l\u2019\u00e9tincelle ne pouvait venir que de lui. Il n\u2019a fallu qu\u2019une action pour allumer la m\u00e8che \u00e0<a href=\"https:\/\/www.leparisien.fr\/sports\/football\/coupe-d-afrique-des-nations\/ma-derniere-finale-sauveur-du-senegal-face-a-legypte-sadio-mane-confirme-que-la-can-2025-est-bien-sa-derniere-14-01-2026-HX7XTTXKVJBGZLJFRTGDEN2BHA.php\" target=\"_self\" rel=\"nofollow noopener\"> Sadio Man\u00e9<\/a>, unique buteur des <a href=\"https:\/\/www.leparisien.fr\/sports\/football\/coupe-d-afrique-des-nations\/senegal-egypte-1-0-grace-a-un-eclair-de-sadio-mane-les-lions-de-la-teranga-rejoignent-la-finale-de-la-can-2025-14-01-2026-DXIMID5Z45EFXCALATA7GB2WZM.php\" target=\"_blank\" rel=\"noreferrer nofollow noopener\">Lions de la Teranga<\/a> au cours d\u2019une rencontre longtemps cadenass\u00e9e. Le num\u00e9ro 10 s\u00e9n\u00e9galais a d\u00e9coch\u00e9 depuis l\u2019entr\u00e9e de la surface une frappe du pied droit pleine de spontan\u00e9it\u00e9 venue se loger au ras du poteau de Mohamed El-Shenawy \u00e0 la suite d\u2019un premier tir lointain de Lamine Camara (78e).<\/p>\n<p class=\"\">Une action venue rappeler la capacit\u00e9 de l\u2019ancien attaquant de Liverpool \u00e0 endosser le r\u00f4le de leader de l\u2019attaque s\u00e9n\u00e9galaise \u00e0 33 ans, et \u00e0 rev\u00eatir un costume de h\u00e9ros jamais trop grand pour lui malgr\u00e9 son exil en Arabie saoudite (au club d\u2019Al-Nassr) depuis l\u2019\u00e9t\u00e9 2023.<\/p>\n","protected":false},"excerpt":{"rendered":"Dans une nuit jusque-l\u00e0 bien calme, l\u2019\u00e9tincelle ne pouvait venir que de lui. Il n\u2019a fallu qu\u2019une action&hellip;\n","protected":false},"author":2,"featured_media":24007,"comment_status":"","ping_status":"","sticky":false,"template":"","format":"standard","meta":{"footnotes":""},"categories":[48],"tags":[360,311,159,264],"class_list":{"0":"post-24006","1":"post","2":"type-post","3":"status-publish","4":"format-standard","5":"has-post-thumbnail","7":"category-senegal","8":"tag-can","9":"tag-football","10":"tag-senegal","11":"tag-sports"},"share_on_mastodon":{"url":"","error":""},"_links":{"self":[{"href":"https:\/\/www.europesays.com\/africa\/wp-json\/wp\/v2\/posts\/24006","targetHints":{"allow":["GET"]}}],"collection":[{"href":"https:\/\/www.europesays.com\/africa\/wp-json\/wp\/v2\/posts"}],"about":[{"href":"https:\/\/www.europesays.com\/africa\/wp-json\/wp\/v2\/types\/post"}],"author":[{"embeddable":true,"href":"https:\/\/www.europesays.com\/africa\/wp-json\/wp\/v2\/users\/2"}],"replies":[{"embeddable":true,"href":"https:\/\/www.europesays.com\/africa\/wp-json\/wp\/v2\/comments?post=24006"}],"version-history":[{"count":0,"href":"https:\/\/www.europesays.com\/africa\/wp-json\/wp\/v2\/posts\/24006\/revisions"}],"wp:featuredmedia":[{"embeddable":true,"href":"https:\/\/www.europesays.com\/africa\/wp-json\/wp\/v2\/media\/24007"}],"wp:attachment":[{"href":"https:\/\/www.europesays.com\/africa\/wp-json\/wp\/v2\/media?parent=24006"}],"wp:term":[{"taxonomy":"category","embeddable":true,"href":"https:\/\/www.europesays.com\/africa\/wp-json\/wp\/v2\/categories?post=24006"},{"taxonomy":"post_tag","embeddable":true,"href":"https:\/\/www.europesays.com\/africa\/wp-json\/wp\/v2\/tags?post=24006"}],"curies":[{"name":"wp","href":"https:\/\/api.w.org\/{rel}","templated":true}]}}