{"id":24008,"date":"2026-01-15T01:32:14","date_gmt":"2026-01-15T01:32:14","guid":{"rendered":"https:\/\/www.europesays.com\/africa\/24008\/"},"modified":"2026-01-15T01:32:14","modified_gmt":"2026-01-15T01:32:14","slug":"la-chambre-des-representants-adopte-le-projet-de-loi-apres-lavis-de-la-cour-constitutionnelle-h24info","status":"publish","type":"post","link":"https:\/\/www.europesays.com\/africa\/24008\/","title":{"rendered":"la Chambre des repr\u00e9sentants adopte le projet de loi apr\u00e8s l\u2019avis de la Cour constitutionnelle , H24info"},"content":{"rendered":"<p>La r\u00e9daction vous conseille<\/p>\n<p><a href=\"https:\/\/h24info.ma\/maroc\/sante\/indemnisation-des-victimes-accidents-route\/\" class=\"h24-ranking-profile-link\" data-h24-domain=\"H24info\" rel=\"nofollow noopener\" target=\"_blank\"><\/p>\n<p>Indemnisation des victimes d\u2019accidents de la route : la Chambre des repr\u00e9sentants adopte une r\u00e9forme majeure<br \/>\n<\/a><\/p>\n<p class=\"h24-ranking-profile-standfirst\">\nLa Chambre des repr\u00e9sentants a approuv\u00e9 \u00e0 la majorit\u00e9, mardi, le projet de loi n\u00b0 58.25 relatif \u00e0 la proc\u00e9dure civile, apr\u00e8s la prise en <a href=\"https:\/\/h24info.ma\/maroc\/sante\/indemnisation-des-victimes-accidents-route\/\" style=\"color:#002fff;\" rel=\"nofollow noopener\" target=\"_blank\">Lire la suite<\/a> <\/p>\n<p><a href=\"https:\/\/h24info.ma\/economie\/adoption-projet-de-loi-mcode-de-commerce\/\" class=\"h24-ranking-profile-link\" data-h24-domain=\"H24info\" rel=\"nofollow noopener\" target=\"_blank\"><\/p>\n<p>Chambre des repr\u00e9sentants : feu vert au projet de loi modifiant le Code de commerce<br \/>\n<\/a><\/p>\n<p class=\"h24-ranking-profile-standfirst\">\nLa Chambre des repr\u00e9sentants a approuv\u00e9 \u00e0 la majorit\u00e9, mardi, le projet de loi n\u00b0 58.25 relatif \u00e0 la proc\u00e9dure civile, apr\u00e8s la prise en <a href=\"https:\/\/h24info.ma\/economie\/adoption-projet-de-loi-mcode-de-commerce\/\" style=\"color:#002fff;\" rel=\"nofollow noopener\" target=\"_blank\">Lire la suite<\/a> <\/p>\n<p><a href=\"https:\/\/h24info.ma\/maroc\/adoption-loi-exception-dinconstitutionnalite\/\" class=\"h24-ranking-profile-link\" data-h24-domain=\"H24info\" rel=\"nofollow noopener\" target=\"_blank\"><\/p>\n<p>La Chambre des repr\u00e9sentants adopte la loi sur l\u2019exception d\u2019inconstitutionnalit\u00e9<br \/>\n<\/a><\/p>\n<p class=\"h24-ranking-profile-standfirst\">\nLa Chambre des repr\u00e9sentants a approuv\u00e9 \u00e0 la majorit\u00e9, mardi, le projet de loi n\u00b0 58.25 relatif \u00e0 la proc\u00e9dure civile, apr\u00e8s la prise en <a href=\"https:\/\/h24info.ma\/maroc\/adoption-loi-exception-dinconstitutionnalite\/\" style=\"color:#002fff;\" rel=\"nofollow noopener\" target=\"_blank\">Lire la suite<\/a> <\/p>\n<p><a href=\"https:\/\/h24info.ma\/maroc\/politique\/laftit-listes-electorales-scrutin-2026\/\" class=\"h24-ranking-profile-link\" data-h24-domain=\"H24info\" rel=\"nofollow noopener\" target=\"_blank\"><\/p>\n<p>Laftit : des listes \u00e9lectorales fiables, socle indispensable d\u2019un scrutin transparent en 2026<br \/>\n<\/a><\/p>\n<p class=\"h24-ranking-profile-standfirst\">\nLa Chambre des repr\u00e9sentants a approuv\u00e9 \u00e0 la majorit\u00e9, mardi, le projet de loi n\u00b0 58.25 relatif \u00e0 la proc\u00e9dure civile, apr\u00e8s la prise en <a href=\"https:\/\/h24info.ma\/maroc\/politique\/laftit-listes-electorales-scrutin-2026\/\" style=\"color:#002fff;\" rel=\"nofollow noopener\" target=\"_blank\">Lire la suite<\/a> <\/p>\n","protected":false},"excerpt":{"rendered":"La r\u00e9daction vous conseille Indemnisation des victimes d\u2019accidents de la route : la Chambre des repr\u00e9sentants adopte une&hellip;\n","protected":false},"author":2,"featured_media":24009,"comment_status":"","ping_status":"","sticky":false,"template":"","format":"standard","meta":{"footnotes":""},"categories":[41],"tags":[158],"class_list":{"0":"post-24008","1":"post","2":"type-post","3":"status-publish","4":"format-standard","5":"has-post-thumbnail","7":"category-maroc","8":"tag-maroc"},"share_on_mastodon":{"url":"","error":""},"_links":{"self":[{"href":"https:\/\/www.europesays.com\/africa\/wp-json\/wp\/v2\/posts\/24008","targetHints":{"allow":["GET"]}}],"collection":[{"href":"https:\/\/www.europesays.com\/africa\/wp-json\/wp\/v2\/posts"}],"about":[{"href":"https:\/\/www.europesays.com\/africa\/wp-json\/wp\/v2\/types\/post"}],"author":[{"embeddable":true,"href":"https:\/\/www.europesays.com\/africa\/wp-json\/wp\/v2\/users\/2"}],"replies":[{"embeddable":true,"href":"https:\/\/www.europesays.com\/africa\/wp-json\/wp\/v2\/comments?post=24008"}],"version-history":[{"count":0,"href":"https:\/\/www.europesays.com\/africa\/wp-json\/wp\/v2\/posts\/24008\/revisions"}],"wp:featuredmedia":[{"embeddable":true,"href":"https:\/\/www.europesays.com\/africa\/wp-json\/wp\/v2\/media\/24009"}],"wp:attachment":[{"href":"https:\/\/www.europesays.com\/africa\/wp-json\/wp\/v2\/media?parent=24008"}],"wp:term":[{"taxonomy":"category","embeddable":true,"href":"https:\/\/www.europesays.com\/africa\/wp-json\/wp\/v2\/categories?post=24008"},{"taxonomy":"post_tag","embeddable":true,"href":"https:\/\/www.europesays.com\/africa\/wp-json\/wp\/v2\/tags?post=24008"}],"curies":[{"name":"wp","href":"https:\/\/api.w.org\/{rel}","templated":true}]}}