{"id":2402,"date":"2026-01-04T09:37:08","date_gmt":"2026-01-04T09:37:08","guid":{"rendered":"https:\/\/www.europesays.com\/africa\/2402\/"},"modified":"2026-01-04T09:37:08","modified_gmt":"2026-01-04T09:37:08","slug":"senegal-la-maitrise-des-statistiques-agricoles-un-levier-essentiel-des-reformes-structurelles","status":"publish","type":"post","link":"https:\/\/www.europesays.com\/africa\/2402\/","title":{"rendered":"S\u00e9n\u00e9gal: La ma\u00eetrise des statistiques agricoles &#8211; Un levier essentiel des r\u00e9formes structurelles"},"content":{"rendered":"<p class=\"story-body-text\" data-para-word-count=\"24\">Le mouvement PROGRES salue la volont\u00e9 des autorit\u00e9s d&#8217;engager des r\u00e9formes profondes pour une politique agricole plus coh\u00e9rente et mieux adapt\u00e9e aux r\u00e9alit\u00e9s socio-\u00e9conomiques.<\/p>\n<p class=\"story-body-text\" data-para-word-count=\"45\">Dans le cadre de la mise en oeuvre du Plan de Redressement \u00c9conomique et Social (PRES), l&#8217;agriculture demeure un secteur strat\u00e9gique de l&#8217;\u00e9conomie nationale et la principale source de subsistance de nombreux m\u00e9nages dans les diff\u00e9rentes localit\u00e9s du pays et le monde rural en g\u00e9n\u00e9ral.<\/p>\n<p class=\"story-body-text\" data-para-word-count=\"49\">\u00c0 ce titre, toute r\u00e9forme ambitieuse du secteur suppose une ma\u00eetrise rigoureuse des statistiques agricoles, couvrant l&#8217;agriculture, la p\u00eache, la sylviculture et la foresterie. La fiabilit\u00e9 des donn\u00e9es conditionne en effet la planification des campagnes agricoles, l&#8217;organisation de la commercialisation et le d\u00e9veloppement durable des cha\u00eenes de valeur agroalimentaires.<\/p>\n<p class=\"story-body-text\" data-para-word-count=\"55\">Toutefois, \u00e0 la date du 02 janvier 2025, la persistance d&#8217;importants volumes d&#8217;arachide stock\u00e9s dans les points de consolidation interroge sur la qualit\u00e9 de la planification de la production et de la coordination entre les services techniques et les minist\u00e8res en charge de l&#8217;Agriculture et du Commerce. Les rendements obtenus ont-ils \u00e9t\u00e9 une surprise ?<\/p>\n<p class=\"story-body-text\" style=\"text-align: center;\">\n<p>Suivez-nous sur <a href=\"https:\/\/whatsapp.com\/channel\/0029Vae09IP4inotqC0BUQ2V\" target=\"_blank\" rel=\"nofollow noopener\">WhatsApp<\/a> | <a href=\"https:\/\/www.linkedin.com\/company\/allafrica\/\" target=\"_blank\" rel=\"nofollow noopener\">LinkedIn<\/a> pour les derniers titres<\/p>\n<p class=\"story-body-text\" data-para-word-count=\"61\">Qu&#8217;en est-il de la planification relative au financement de la campagne de commercialisation (producteurs, op\u00e9rateurs et institutions financi\u00e8res) ? Quel est le nombre d&#8217;op\u00e9rateurs priv\u00e9s stockeurs capables de tirer la production ? Existe-il des sch\u00e9mas contractuels entre acteurs ? Bref tout est li\u00e9 et une interrelation entre les acteurs est indispensable pour le d\u00e9veloppement des chaines de valeur agricole et agroalimentaire.<\/p>\n<p class=\"story-body-text\" data-para-word-count=\"89\">Depuis plusieurs ann\u00e9es, la fiabilit\u00e9 et la disponibilit\u00e9 des statistiques agricoles font l&#8217;objet de d\u00e9bats et de divergences entre les acteurs. Dans cette perspective, la dynamique du Jub Jubal Jubanti gagnerait \u00e0 promouvoir un cadre inclusif et transparent, autour de la DAPSA, visant \u00e0 harmoniser les m\u00e9thodes de collecte, de traitement et de diffusion des donn\u00e9es, en lien \u00e9troit avec l&#8217;ANSD. Le d\u00e9ficit de renforcement des capacit\u00e9s dans ce domaine explique en partie les difficult\u00e9s persistantes d&#8217;acc\u00e8s \u00e0 des donn\u00e9es fiables pour la recherche et la planification du d\u00e9veloppement.<\/p>\n<p class=\"story-body-text\" data-para-word-count=\"29\">N\u00e9anmoins, le mouvement PROGRES note avec satisfaction une prise de conscience progressive des pouvoirs publics quant \u00e0 l&#8217;importance d&#8217;une d\u00e9cision publique fond\u00e9e sur des informations statistiques fiables et actualis\u00e9es.<\/p>\n<p class=\"story-body-text\" data-para-word-count=\"49\">Les crises r\u00e9centes : pand\u00e9mie de Covid-19, guerre en Ukraine et volatilit\u00e9 des prix alimentaires, ont mis en \u00e9vidence la n\u00e9cessit\u00e9 de disposer de donn\u00e9es robustes pour les syst\u00e8mes d&#8217;alerte pr\u00e9coce, la s\u00e9curit\u00e9 alimentaire et l&#8217;\u00e9valuation des politiques agricoles, notamment en mati\u00e8re de subventions et de stabilisation des prix.<\/p>\n<p class=\"story-body-text\" data-para-word-count=\"45\">Apr\u00e8s deux ann\u00e9es d&#8217;exercice, il devient imp\u00e9ratif d&#8217;adopter une approche participative, rigoureuse et consensuelle dans la production des statistiques agricoles, tout en assurant une communication transparente et accessible \u00e0 destination des populations et des acteurs du secteur, condition indispensable \u00e0 la r\u00e9ussite des r\u00e9formes engag\u00e9es.<\/p>\n<p class=\"story-body-text\" data-para-word-count=\"74\">En d\u00e9finitive, la r\u00e9ussite des r\u00e9formes agricoles repose sur l&#8217;instauration d&#8217;un cadre technique restreint r\u00e9unissant des experts charg\u00e9s d&#8217;un diagnostic rigoureux et harmonis\u00e9 des m\u00e9thodes de collecte et de traitement des statistiques agricoles. Cette d\u00e9marche, fond\u00e9e sur l&#8217;expertise, la rationalit\u00e9 et l&#8217;efficacit\u00e9, s&#8217;av\u00e8re plus pertinente que la multiplication de concertations de masse \u00e0 faible valeur ajout\u00e9e. Des donn\u00e9es fiables et coh\u00e9rentes constituent ainsi le fondement indispensable de politiques agricoles cr\u00e9dibles, efficaces et durablement transformatrices.<\/p>\n","protected":false},"excerpt":{"rendered":"Le mouvement PROGRES salue la volont\u00e9 des autorit\u00e9s d&#8217;engager des r\u00e9formes profondes pour une politique agricole plus coh\u00e9rente&hellip;\n","protected":false},"author":2,"featured_media":198,"comment_status":"","ping_status":"","sticky":false,"template":"","format":"standard","meta":{"footnotes":""},"categories":[48],"tags":[63,2289,83,269,265,262,96,261,159,264,263,266,325],"class_list":{"0":"post-2402","1":"post","2":"type-post","3":"status-publish","4":"format-standard","5":"has-post-thumbnail","7":"category-senegal","8":"tag-africa","9":"tag-agribusiness","10":"tag-business","11":"tag-business-and-finance","12":"tag-current-events","13":"tag-economy","14":"tag-news","15":"tag-politics","16":"tag-senegal","17":"tag-sports","18":"tag-trade","19":"tag-travel","20":"tag-west-africa"},"share_on_mastodon":{"url":"","error":""},"_links":{"self":[{"href":"https:\/\/www.europesays.com\/africa\/wp-json\/wp\/v2\/posts\/2402","targetHints":{"allow":["GET"]}}],"collection":[{"href":"https:\/\/www.europesays.com\/africa\/wp-json\/wp\/v2\/posts"}],"about":[{"href":"https:\/\/www.europesays.com\/africa\/wp-json\/wp\/v2\/types\/post"}],"author":[{"embeddable":true,"href":"https:\/\/www.europesays.com\/africa\/wp-json\/wp\/v2\/users\/2"}],"replies":[{"embeddable":true,"href":"https:\/\/www.europesays.com\/africa\/wp-json\/wp\/v2\/comments?post=2402"}],"version-history":[{"count":0,"href":"https:\/\/www.europesays.com\/africa\/wp-json\/wp\/v2\/posts\/2402\/revisions"}],"wp:featuredmedia":[{"embeddable":true,"href":"https:\/\/www.europesays.com\/africa\/wp-json\/wp\/v2\/media\/198"}],"wp:attachment":[{"href":"https:\/\/www.europesays.com\/africa\/wp-json\/wp\/v2\/media?parent=2402"}],"wp:term":[{"taxonomy":"category","embeddable":true,"href":"https:\/\/www.europesays.com\/africa\/wp-json\/wp\/v2\/categories?post=2402"},{"taxonomy":"post_tag","embeddable":true,"href":"https:\/\/www.europesays.com\/africa\/wp-json\/wp\/v2\/tags?post=2402"}],"curies":[{"name":"wp","href":"https:\/\/api.w.org\/{rel}","templated":true}]}}