{"id":24020,"date":"2026-01-15T01:43:14","date_gmt":"2026-01-15T01:43:14","guid":{"rendered":"https:\/\/www.europesays.com\/africa\/24020\/"},"modified":"2026-01-15T01:43:14","modified_gmt":"2026-01-15T01:43:14","slug":"le-maroc-qualifie-pour-la-finale-de-la-can-lage-dor-du-foot-marocain-ils-etaient-grands-ils-sont-geants","status":"publish","type":"post","link":"https:\/\/www.europesays.com\/africa\/24020\/","title":{"rendered":"Le Maroc qualifi\u00e9 pour la finale de la CAN &#8211; &#8220;L\u2019\u00e2ge d\u2019or du foot marocain&#8221; : Ils \u00e9taient grands, ils sont g\u00e9ants"},"content":{"rendered":"<p class=\"typo-tk-rs-caption-xs\">Achraf Hakimi apr\u00e8s la qualification du Maroc pour la finale de la CAN<\/p>\n<p class=\"typo-tk-rs-caption-xs\">Cr\u00e9dit: Getty Images<\/p>\n<p>Ils avaient 100 raisons de ne pas \u00eatre au rendez-vous. Comment r\u00e9sister \u00e0 une pression aussi immense\u00a0? Quelques sifflets pour un d\u00e9but de comp\u00e9tition timide, Walid Regragui, contest\u00e9 avant m\u00eame la comp\u00e9tition et timidement d\u00e9fendu par sa f\u00e9d\u00e9ration, Achraf Hakimi, incertain durant des mois et sur un pied au coup d\u2019envoi, Brahim Diaz qui ne mettait plus un pied devant l\u2019autre depuis mars. Le Nigeria de Lookman et Osimhen, deux monstres, en demi-finale. Mais le Maroc r\u00e9siste \u00e0 tout. Cette \u00e9quipe et sa finale, la premi\u00e8re depuis 22 ans \u00e0 la CAN, ne sortent pas de nulle part. Les Lions de l\u2019Atlas furent, il y a quatre ans, les premiers Africains en demi-finale de la Coupe du monde.<\/p>\n<p>Depuis, ils ont grandi avec quelques gamelles entretemps. Mais boost\u00e9 par des moyens, des infrastructures et des ambitions in\u00e9dits \u00e0 l\u2019\u00e9chelle du continent, le Maroc est au rendez-vous de sa CAN. Il a compris qu\u2019il ne fallait pas n\u00e9cessairement faire lever les foules pour aller loin. Comme les Bleus de Didier Deschamps, les hommes de Walid Regragui forment d\u2019abord un collectif soud\u00e9 et imp\u00e9n\u00e9trable. Le Nigeria, qui marchait sur ses adversaires depuis un mois avec une marge assez folle, n\u2019a pas vu le jour. Incapables de se cr\u00e9er la moindre occasion, Osimhen et Lookman se sont cogn\u00e9s \u00e0 un mur comme le Cameroun avant eux vendredi dernier.<\/p>\n<p>Pas de frisson mais un coffre-fort<\/p>\n<p>Alors oui, pour le frisson, il faudra attendre mais la maturit\u00e9 de cette \u00e9quipe lui permet d\u2019\u00e9clater le plafond de verre. Les Lions de l\u2019Atlas sont impossibles \u00e0 bouger. Meilleure d\u00e9fense de la CAN, ils n\u2019ont encaiss\u00e9 qu\u2019un but en six matches et conc\u00e9d\u00e9 un nombre infime d\u2019occasions. &#8220;On est contents, fiers. C\u2019est un moment unique, on rentre encore dans l\u2019histoire, s\u2019est \u00e9mu Achraf Hakimi au micro de BeIn Sports. Mais on n\u2019a pas fini le travail.&#8221;<\/p>\n<p><img decoding=\"async\" class=\"text-transparent h-full w-full object-cover\" src=\"https:\/\/www.europesays.com\/africa\/wp-content\/uploads\/2026\/01\/image-19502eb5-ea2c-4bae-8a9b-f6b67d28e1eb-85-2560-1440.jpeg\" alt=\"picture\" data-testid=\"image-high-res\"\/><\/p>\n<p class=\"typo-tk-rs-caption-xs\">La joie de Brahim Diaz tout \u00e0 sa joie apr\u00e8s la victoire contre le Nigeria<\/p>\n<p class=\"typo-tk-rs-caption-xs\">Cr\u00e9dit: Getty Images<\/p>\n<p>Celui qui incarne ce Maroc, c\u2019est son cerveau\u00a0: Walid Regragui. Lui a tenu contre de violents vents de face. Il s\u2019est accroch\u00e9 \u00e0 ses convictions et \u00e0 ses id\u00e9es. C\u2019est lui, encore, qui est all\u00e9 convaincre Brahim Diaz, l\u2019homme de cette CAN, en multipliant les allers-retours pour Milan puis Madrid. C\u2019est Regragui qui a fa\u00e7onn\u00e9 ce collectif de binationaux au sein duquel il joue\u00a0le trait d\u2019union : &#8220;Je n\u2019ai pas \u00e9t\u00e9 que chahut\u00e9, \u00e7a a \u00e9t\u00e9 une campagne pas correcte mais le groupe m\u2019a prot\u00e9g\u00e9, ils aiment leur coach, a confi\u00e9 le s\u00e9lectionneur marocain. On sait que le moindre match nul, la moindre d\u00e9faite, c\u2019est une catastrophe. Mais 99% des Marocains sont derri\u00e8re nous. C\u2019est l\u2019\u00e2ge d\u2019or du foot marocain mais il ne faut pas oublier d\u2019o\u00f9 on vient.&#8221;<\/p>\n<p>&#8220;Il ne faut pas oublier le travail de Walid, a tenu \u00e0 souligner Yassine Bounou, h\u00e9ros de la demi-finale en stoppant deux tirs au but du Nigeria. Il fait un grand travail, il a bien pr\u00e9par\u00e9 ce match. Chapeau \u00e0 lui.&#8221; Chapeau \u00e0 lui d\u2019avoir construit cette \u00e9quipe. Finaliste sur son continent, demi-finaliste en Coupe du monde. En attendant mieux peut-\u00eatre un jour, peut-\u00eatre tr\u00e8s vite. D\u00e8s dimanche\u00a0?<\/p>\n","protected":false},"excerpt":{"rendered":"Achraf Hakimi apr\u00e8s la qualification du Maroc pour la finale de la CAN Cr\u00e9dit: Getty Images Ils avaient&hellip;\n","protected":false},"author":2,"featured_media":24021,"comment_status":"","ping_status":"","sticky":false,"template":"","format":"standard","meta":{"footnotes":""},"categories":[62],"tags":[64,311,12695],"class_list":{"0":"post-24020","1":"post","2":"type-post","3":"status-publish","4":"format-standard","5":"has-post-thumbnail","7":"category-afrique","8":"tag-afrique","9":"tag-football","10":"tag-totalenergies-africa-cup-of-nations-2025"},"share_on_mastodon":{"url":"","error":""},"_links":{"self":[{"href":"https:\/\/www.europesays.com\/africa\/wp-json\/wp\/v2\/posts\/24020","targetHints":{"allow":["GET"]}}],"collection":[{"href":"https:\/\/www.europesays.com\/africa\/wp-json\/wp\/v2\/posts"}],"about":[{"href":"https:\/\/www.europesays.com\/africa\/wp-json\/wp\/v2\/types\/post"}],"author":[{"embeddable":true,"href":"https:\/\/www.europesays.com\/africa\/wp-json\/wp\/v2\/users\/2"}],"replies":[{"embeddable":true,"href":"https:\/\/www.europesays.com\/africa\/wp-json\/wp\/v2\/comments?post=24020"}],"version-history":[{"count":0,"href":"https:\/\/www.europesays.com\/africa\/wp-json\/wp\/v2\/posts\/24020\/revisions"}],"wp:featuredmedia":[{"embeddable":true,"href":"https:\/\/www.europesays.com\/africa\/wp-json\/wp\/v2\/media\/24021"}],"wp:attachment":[{"href":"https:\/\/www.europesays.com\/africa\/wp-json\/wp\/v2\/media?parent=24020"}],"wp:term":[{"taxonomy":"category","embeddable":true,"href":"https:\/\/www.europesays.com\/africa\/wp-json\/wp\/v2\/categories?post=24020"},{"taxonomy":"post_tag","embeddable":true,"href":"https:\/\/www.europesays.com\/africa\/wp-json\/wp\/v2\/tags?post=24020"}],"curies":[{"name":"wp","href":"https:\/\/api.w.org\/{rel}","templated":true}]}}