{"id":24024,"date":"2026-01-15T01:46:11","date_gmt":"2026-01-15T01:46:11","guid":{"rendered":"https:\/\/www.europesays.com\/africa\/24024\/"},"modified":"2026-01-15T01:46:11","modified_gmt":"2026-01-15T01:46:11","slug":"recrutement-des-300-enseignants-chercheurs-les-resultats-definitifs-publies","status":"publish","type":"post","link":"https:\/\/www.europesays.com\/africa\/24024\/","title":{"rendered":"Recrutement des 300 enseignants-chercheurs : les r\u00e9sultats d\u00e9finitifs publi\u00e9s"},"content":{"rendered":"<p style=\"text-align: justify;\">Le gouvernement, \u00e0 travers le minist\u00e8re du Travail et de la Fonction publique, en collaboration avec le minist\u00e8re de l\u2019Enseignement sup\u00e9rieur, de la Recherche scientifique et de l\u2019Innovation, a annonc\u00e9 la publication des r\u00e9sultats d\u00e9finitifs du recrutement de trois cents (300) enseignants-chercheurs nationaux titulaires d\u2019un doctorat (PhD).<\/p>\n<p style=\"text-align: justify;\">L\u2019information a \u00e9t\u00e9 port\u00e9e \u00e0 la connaissance du public, et plus particuli\u00e8rement de la communaut\u00e9 universitaire, marquant ainsi l\u2019aboutissement du processus de s\u00e9lection engag\u00e9 pour renforcer les effectifs d\u2019enseignants-chercheurs au sein des institutions d\u2019enseignement sup\u00e9rieur du pays.\u00a0<\/p>\n<p style=\"text-align: justify;\">Pour voir la liste, cliquer sur ce lien :\u00a0 <\/p>\n<p style=\"text-align: justify;\"><a href=\"https:\/\/fonctionpublique.gov.gn\/file\/2026\/01\/MTFP-MESRSI-Liste-definitive-Candidats-retenus-10.01.2026.pdf\" rel=\"nofollow noopener\" target=\"_blank\">https:\/\/fonctionpublique.gov.gn\/file\/2026\/01\/MTFP-MESRSI-Liste-definitive-Candidats-retenus-10.01.2026.pdf<\/a><\/p>\n<p>\u00a0<\/p>\n","protected":false},"excerpt":{"rendered":"Le gouvernement, \u00e0 travers le minist\u00e8re du Travail et de la Fonction publique, en collaboration avec le minist\u00e8re&hellip;\n","protected":false},"author":2,"featured_media":24025,"comment_status":"","ping_status":"","sticky":false,"template":"","format":"standard","meta":{"footnotes":""},"categories":[48],"tags":[159],"class_list":{"0":"post-24024","1":"post","2":"type-post","3":"status-publish","4":"format-standard","5":"has-post-thumbnail","7":"category-senegal","8":"tag-senegal"},"share_on_mastodon":{"url":"","error":""},"_links":{"self":[{"href":"https:\/\/www.europesays.com\/africa\/wp-json\/wp\/v2\/posts\/24024","targetHints":{"allow":["GET"]}}],"collection":[{"href":"https:\/\/www.europesays.com\/africa\/wp-json\/wp\/v2\/posts"}],"about":[{"href":"https:\/\/www.europesays.com\/africa\/wp-json\/wp\/v2\/types\/post"}],"author":[{"embeddable":true,"href":"https:\/\/www.europesays.com\/africa\/wp-json\/wp\/v2\/users\/2"}],"replies":[{"embeddable":true,"href":"https:\/\/www.europesays.com\/africa\/wp-json\/wp\/v2\/comments?post=24024"}],"version-history":[{"count":0,"href":"https:\/\/www.europesays.com\/africa\/wp-json\/wp\/v2\/posts\/24024\/revisions"}],"wp:featuredmedia":[{"embeddable":true,"href":"https:\/\/www.europesays.com\/africa\/wp-json\/wp\/v2\/media\/24025"}],"wp:attachment":[{"href":"https:\/\/www.europesays.com\/africa\/wp-json\/wp\/v2\/media?parent=24024"}],"wp:term":[{"taxonomy":"category","embeddable":true,"href":"https:\/\/www.europesays.com\/africa\/wp-json\/wp\/v2\/categories?post=24024"},{"taxonomy":"post_tag","embeddable":true,"href":"https:\/\/www.europesays.com\/africa\/wp-json\/wp\/v2\/tags?post=24024"}],"curies":[{"name":"wp","href":"https:\/\/api.w.org\/{rel}","templated":true}]}}