{"id":24026,"date":"2026-01-15T01:47:15","date_gmt":"2026-01-15T01:47:15","guid":{"rendered":"https:\/\/www.europesays.com\/africa\/24026\/"},"modified":"2026-01-15T01:47:15","modified_gmt":"2026-01-15T01:47:15","slug":"yassine-bounou-a-encore-choque-sur-les-tirs-au-but","status":"publish","type":"post","link":"https:\/\/www.europesays.com\/africa\/24026\/","title":{"rendered":"Yassine Bounou a encore choqu\u00e9 sur les tirs au but"},"content":{"rendered":"<p>Une l\u00e9gende s\u2019\u00e9crit sur le long terme. Et <a href=\"https:\/\/www.footmercato.net\/joueur\/yassine-bounou\/\" rel=\"nofollow noopener\" target=\"_blank\">Yassine Bounou<\/a> devait continuer la sienne ce mercredi soir lors des demi-finales de la <a href=\"https:\/\/www.footmercato.net\/afrique\/coupe-dafrique-des-nations\/\" rel=\"nofollow noopener\" target=\"_blank\">CAN<\/a>. Depuis le d\u00e9but de la comp\u00e9tition, le portier des Lions de l\u2019Atlas n\u2019a quasiment pas \u00e9t\u00e9 inqui\u00e9t\u00e9. Un arr\u00eat d\u00e9cisif contre les Comores, un penalty tout proche d\u2019\u00eatre arr\u00eat\u00e9 face au Mali et puis plus rien jusqu\u2019\u00e0 ce mercredi soir, 23h59. A ce moment-l\u00e0, le <a href=\"https:\/\/www.footmercato.net\/selection\/maroc\/\" rel=\"nofollow noopener\" target=\"_blank\">Maroc<\/a> et le Nig\u00e9ria, dos \u00e0 dos pendant 120 minutes, doivent se d\u00e9partager lors des tirs au but.<\/p>\n<p>            La suite apr\u00e8s cette publicit\u00e9<\/p>\n<p>Dans les \u00e9crans du stade Moulay Abdallah, la r\u00e9alisation ne se trompe pas. Les yeux sont riv\u00e9s sur Yassine Bounou, qui avait d\u00e9j\u00e0 marqu\u00e9 l\u2019histoire de la s\u00e9lection avec une s\u00e9ance de tirs au but face \u00e0 l\u2019Espagne au Mondial 2022. Cette fois, c\u2019est face au Nig\u00e9ria que le gardien de 34 ans devait r\u00e9pondre pr\u00e9sent pour une place en finale de CAN. Et encore une fois, le gardien d\u2019Al-Ahli a marqu\u00e9 de son empreinte la s\u00e9ance repoussant deux tirs au but de mani\u00e8re spectaculaire et offrant donc une place en finale au Maroc, une premi\u00e8re depuis 2004.<\/p>\n<p>        Yassine Bounou encore solide !<\/p>\n<p>Elu homme du match, le Marocain est apparu ensuite tout sourire en zone mixte apr\u00e8s avoir c\u00e9l\u00e9br\u00e9 comme il se doit sur le terrain. Pr\u00e9sent avec son fils, il n\u2019a pas souhait\u00e9 s\u2019arr\u00eater pr\u00e9f\u00e9rant donner rendez-vous en finale. Ce discours, il l\u2019a aussi tenu en conf\u00e9rence de presse pour c\u00e9l\u00e9brer son troph\u00e9e d\u2019homme du match avec un discours toujours humble. \u00abD\u2019ici trois jours, inch\u2019Allah, on va essayer de r\u00e9cup\u00e9rer et de donner le meilleur au public marocain. Aujourd\u2019hui, l\u2019\u00e9quipe a eu besoin de moi et j\u2019ai r\u00e9pondu pr\u00e9sent. Par la gr\u00e2ce de Dieu, les choses se sont facilit\u00e9es pour nous \u00bb, a-t-il lanc\u00e9.<\/p>\n<p>            La suite apr\u00e8s cette publicit\u00e9<\/p>\n<p>Dans son style, Yassine Bounou ne semble jamais submerg\u00e9 par la pression. Et si parfois, il appara\u00eet peu serein dans son jeu au pied, le Maroc rappelle \u00e0 chaque fois pourquoi il est probablement l\u2019un des meilleurs gardiens de l\u2019histoire du continent africain. Pour passer un nouveau cap, il faudra conclure par un sacre ce dimanche soir face au S\u00e9n\u00e9gal. Mais la l\u00e9gende Yassine Bounou est d\u00e9j\u00e0 bien solide !<\/p>\n<p>\n    Pub. le 15\/01\/2026 02:07<br \/>\n            &#8211; MAJ le 15\/01\/2026 02:21\n    <\/p>\n","protected":false},"excerpt":{"rendered":"Une l\u00e9gende s\u2019\u00e9crit sur le long terme. Et Yassine Bounou devait continuer la sienne ce mercredi soir lors&hellip;\n","protected":false},"author":2,"featured_media":24027,"comment_status":"","ping_status":"","sticky":false,"template":"","format":"standard","meta":{"footnotes":""},"categories":[41],"tags":[158],"class_list":{"0":"post-24026","1":"post","2":"type-post","3":"status-publish","4":"format-standard","5":"has-post-thumbnail","7":"category-maroc","8":"tag-maroc"},"share_on_mastodon":{"url":"","error":""},"_links":{"self":[{"href":"https:\/\/www.europesays.com\/africa\/wp-json\/wp\/v2\/posts\/24026","targetHints":{"allow":["GET"]}}],"collection":[{"href":"https:\/\/www.europesays.com\/africa\/wp-json\/wp\/v2\/posts"}],"about":[{"href":"https:\/\/www.europesays.com\/africa\/wp-json\/wp\/v2\/types\/post"}],"author":[{"embeddable":true,"href":"https:\/\/www.europesays.com\/africa\/wp-json\/wp\/v2\/users\/2"}],"replies":[{"embeddable":true,"href":"https:\/\/www.europesays.com\/africa\/wp-json\/wp\/v2\/comments?post=24026"}],"version-history":[{"count":0,"href":"https:\/\/www.europesays.com\/africa\/wp-json\/wp\/v2\/posts\/24026\/revisions"}],"wp:featuredmedia":[{"embeddable":true,"href":"https:\/\/www.europesays.com\/africa\/wp-json\/wp\/v2\/media\/24027"}],"wp:attachment":[{"href":"https:\/\/www.europesays.com\/africa\/wp-json\/wp\/v2\/media?parent=24026"}],"wp:term":[{"taxonomy":"category","embeddable":true,"href":"https:\/\/www.europesays.com\/africa\/wp-json\/wp\/v2\/categories?post=24026"},{"taxonomy":"post_tag","embeddable":true,"href":"https:\/\/www.europesays.com\/africa\/wp-json\/wp\/v2\/tags?post=24026"}],"curies":[{"name":"wp","href":"https:\/\/api.w.org\/{rel}","templated":true}]}}