{"id":24045,"date":"2026-01-15T02:00:05","date_gmt":"2026-01-15T02:00:05","guid":{"rendered":"https:\/\/www.europesays.com\/africa\/24045\/"},"modified":"2026-01-15T02:00:05","modified_gmt":"2026-01-15T02:00:05","slug":"can-2025-sadio-mane-va-disputer-la-finale-de-sa-toute-derniere-can-avec-le-senegal","status":"publish","type":"post","link":"https:\/\/www.europesays.com\/africa\/24045\/","title":{"rendered":"CAN 2025 : Sadio Man\u00e9 va disputer la finale de &#8220;sa toute derni\u00e8re CAN&#8221; avec le S\u00e9n\u00e9gal"},"content":{"rendered":"<p>La Coupe d&#8217;Afrique des nations sera de l&#8217;histoire ancienne pour Sadio Man\u00e9 apr\u00e8s la finale de dimanche face au Maroc. <a href=\"https:\/\/www.france24.com\/fr\/sports\/20260114-can-2025-man\u00e9-fait-sauter-le-verrou-\u00e9gyptien-et-envoie-le-s\u00e9n\u00e9gal-en-finale\" target=\"_self\" rel=\"nofollow noopener\">Auteur du but qui a d\u00e9livr\u00e9 les Lions de la Teranga face aux Pharaons<\/a> en demi-finale de <a href=\"https:\/\/www.france24.com\/fr\/dossier\/can\/\" target=\"_self\" rel=\"nofollow noopener\">la CAN 2025<\/a>, mercredi 14 janvier, le n\u00b010 du S\u00e9n\u00e9gal a d\u00e9clar\u00e9 apr\u00e8s la rencontre qu&#8217;il disputait au Maroc sa &#8220;toute derni\u00e8re CAN&#8221;.<\/p>\n<p>&#8220;Comme on est qualifi\u00e9s, je suis tr\u00e8s heureux de pouvoir jouer pour ma toute derni\u00e8re CAN, une finale avec les Lions. J&#8217;esp\u00e8re la remporter et amener (le troph\u00e9e) \u00e0 Dakar&#8221;, a annonc\u00e9 <a href=\"https:\/\/www.france24.com\/fr\/tag\/sadio-man\u00e9\/\" target=\"_self\" class=\"gtm-add-suggested-tag\" rel=\"nofollow noopener\">Sadio Man\u00e9<\/a>, buteur \u00e0 la 76e minute du seul but de la rencontre.<\/p>\n<p class=\"a-read-more\">\u00c0 lire aussi<a href=\"https:\/\/www.france24.com\/fr\/sports\/20260114-can-2025-entre-le-maroc-et-le-s\u00e9n\u00e9gal-une-finale-entre-favoris-pour-une-2e-\u00e9toile\" target=\"_self\" class=\"a-read-more__link\" rel=\"nofollow noopener\">CAN 2025 : entre le Maroc et le S\u00e9n\u00e9gal, une finale entre favoris pour une 2e \u00e9toile<\/a><\/p>\n<p>\u00c0 propos de son but, l&#8217;attaquant s\u00e9n\u00e9galais a estim\u00e9 avoir \u00e9t\u00e9 &#8220;un peu chanceux&#8221;, le ballon lui revenant sur la poitrine avant qu&#8217;il ne le reprenne de vol\u00e9e et batte le gardien \u00e9gyptien Mohamed El Shenawy.<\/p>\n<p>&#8220;Mais si je ne marque pas, je pense que ce n&#8217;est pas le plus important&#8221;, a modestement ajout\u00e9 le leader de l&#8217;\u00e9quipe, plus encore depuis la suspension pour la finale du capitaine Kalidou Koulibaly.<\/p>\n<p> &#8220;Je suis un soldat de la nation&#8221; <\/p>\n<p>&#8220;Le plus important pour moi, c&#8217;est que le <a href=\"https:\/\/www.france24.com\/fr\/tag\/s\u00e9n\u00e9gal\/\" target=\"_self\" class=\"gtm-add-suggested-tag\" rel=\"nofollow noopener\">S\u00e9n\u00e9gal<\/a> gagne \u00e0 chaque fois qu&#8217;il fait face \u00e0 une \u00e9quipe. (&#8230;) Je suis un soldat de la nation. J&#8217;essaie de me donner tous les jours \u00e0 fond, que ce soit en entra\u00eenement ou au match&#8221;, a aussi d\u00e9clar\u00e9 Sadio Man\u00e9.<\/p>\n<p>Le n\u00b010 des Lions de la Teranga, qui va disputer sa troisi\u00e8me finale lors des quatre derni\u00e8res \u00e9ditions de la CAN, pour un titre obtenu en 2021, a \u00e9galement eu un mot pour <a href=\"https:\/\/www.france24.com\/fr\/tag\/mohamed-salah\/\" target=\"_self\" class=\"gtm-add-suggested-tag\" rel=\"nofollow noopener\">Mohamed Salah<\/a>, son ex-co\u00e9quipier \u00e0 Liverpool de 2017 \u00e0 2022.<\/p>\n<p class=\"a-read-more\">\u00c0 lire aussi<a href=\"https:\/\/www.france24.com\/fr\/sports\/20260114-can-2025-maroc-nigeria-tirs-au-but\" target=\"_self\" class=\"a-read-more__link\" rel=\"nofollow noopener\">CAN 2025 : le Maroc arrache sa finale aux tirs au but contre le Nigeria<\/a><\/p>\n<p>&#8220;L&#8217;un des meilleurs joueurs du monde&#8221; qu&#8217;il a embrass\u00e9 chaleureusement avant et apr\u00e8s la rencontre, alors qu&#8217;il avait fait part il y a quelques semaines des tensions latentes entre eux lors des derni\u00e8res saisons chez les Reds.<\/p>\n<p class=\"o-em-consent__content__text\">Pour afficher ce contenu X (Twitter), il est n\u00e9cessaire d&#8217;autoriser les cookies de mesure d&#8217;audience et de publicit\u00e9.<\/p>\n<p>            Accepter<\/p>\n<p>        G\u00e9rer mes choix<\/p>\n<p>Sadio Man\u00e9 et le S\u00e9n\u00e9gal affronteront le Maroc en finale dimanche \u00e0 Rabat. Interrog\u00e9 \u00e0 ce sujet avant la demi-finale entre les Lions de l&#8217;Atlas et les Super Eagles, l&#8217;attaquant a d\u00e9clar\u00e9 :\u00a0&#8220;On sait que \u00e7a ne va pas \u00eatre facile, mais on est bien pr\u00e9par\u00e9s. La CAN est ainsi faite. Malheureusement, c&#8217;est la comp\u00e9tition la plus compliqu\u00e9e du monde. Et donc, voil\u00e0, toutes les \u00e9quipes se valent&#8221;.<\/p>\n<p>Avec AFP<\/p>\n","protected":false},"excerpt":{"rendered":"La Coupe d&#8217;Afrique des nations sera de l&#8217;histoire ancienne pour Sadio Man\u00e9 apr\u00e8s la finale de dimanche face&hellip;\n","protected":false},"author":2,"featured_media":24046,"comment_status":"","ping_status":"","sticky":false,"template":"","format":"standard","meta":{"footnotes":""},"categories":[48],"tags":[179,4602,311,1536,159,264],"class_list":{"0":"post-24045","1":"post","2":"type-post","3":"status-publish","4":"format-standard","5":"has-post-thumbnail","7":"category-senegal","8":"tag-can-2025","9":"tag-can-2025-joueurs","10":"tag-football","11":"tag-sadio-mane","12":"tag-senegal","13":"tag-sports"},"share_on_mastodon":{"url":"","error":""},"_links":{"self":[{"href":"https:\/\/www.europesays.com\/africa\/wp-json\/wp\/v2\/posts\/24045","targetHints":{"allow":["GET"]}}],"collection":[{"href":"https:\/\/www.europesays.com\/africa\/wp-json\/wp\/v2\/posts"}],"about":[{"href":"https:\/\/www.europesays.com\/africa\/wp-json\/wp\/v2\/types\/post"}],"author":[{"embeddable":true,"href":"https:\/\/www.europesays.com\/africa\/wp-json\/wp\/v2\/users\/2"}],"replies":[{"embeddable":true,"href":"https:\/\/www.europesays.com\/africa\/wp-json\/wp\/v2\/comments?post=24045"}],"version-history":[{"count":0,"href":"https:\/\/www.europesays.com\/africa\/wp-json\/wp\/v2\/posts\/24045\/revisions"}],"wp:featuredmedia":[{"embeddable":true,"href":"https:\/\/www.europesays.com\/africa\/wp-json\/wp\/v2\/media\/24046"}],"wp:attachment":[{"href":"https:\/\/www.europesays.com\/africa\/wp-json\/wp\/v2\/media?parent=24045"}],"wp:term":[{"taxonomy":"category","embeddable":true,"href":"https:\/\/www.europesays.com\/africa\/wp-json\/wp\/v2\/categories?post=24045"},{"taxonomy":"post_tag","embeddable":true,"href":"https:\/\/www.europesays.com\/africa\/wp-json\/wp\/v2\/tags?post=24045"}],"curies":[{"name":"wp","href":"https:\/\/api.w.org\/{rel}","templated":true}]}}