{"id":24062,"date":"2026-01-15T02:12:29","date_gmt":"2026-01-15T02:12:29","guid":{"rendered":"https:\/\/www.europesays.com\/africa\/24062\/"},"modified":"2026-01-15T02:12:29","modified_gmt":"2026-01-15T02:12:29","slug":"can-2025-senegal-egypte-mane-est-une-legende-africaine-pas-salah","status":"publish","type":"post","link":"https:\/\/www.europesays.com\/africa\/24062\/","title":{"rendered":"CAN 2025 &#8211; S\u00e9n\u00e9gal &#8211; Egypte &#8211; Man\u00e9 est une l\u00e9gende africaine, pas Salah"},"content":{"rendered":"<p class=\"typo-tk-rs-caption-xs\">Mohamed Salah et Sadio Man\u00e9 lors de S\u00e9n\u00e9gal &#8211; Egypte<\/p>\n<p class=\"typo-tk-rs-caption-xs\">Cr\u00e9dit: Getty Images<\/p>\n<p>Mohamed Salah laissera sans doute une plus grande trace dans l\u2019histoire du football mais sur leur continent, en Afrique, il ne soutient pas la comparaison avec Sadio Man\u00e9. Ce qui \u00e9tait vrai avant la demi-finale de la CAN opposant le S\u00e9n\u00e9gal et l\u2019\u00c9gypte l\u2019est encore plus alors que les Lions de la Teranga ont encore \u00e9limin\u00e9 les Pharaons (1-0).<\/p>\n<p><a class=\"typo-tk-rs-body-md focus-visible:text-focused-text-fill-01 focus-visible:bg-focused-surface-fill-01 hover:underline focus-visible:outline-none text-content-block-default-text-fill-04 hover:text-content-block-default-text-fill-01 active:text-content-block-default-text-fill-03\" target=\"_blank\" rel=\"noopener nofollow\" href=\"https:\/\/www.max.com\/fr\/fr\/sports?utm_campaign=eurosport-premium-redirect&amp;utm_medium=referral&amp;utm_source=eurosport.fr\" data-testid=\"body-hyper-link\">L&#8217;Open d&#8217;Australie est en exclusivit\u00e9 sur Eurosport et HBO Max !<\/a><\/p>\n<p>Unique buteur du soir, Sadio Man\u00e9 s\u2019est inscrit un peu dans la l\u00e9gende d\u2019une comp\u00e9tition dont il est l\u2019un des plus grands joueurs. Apr\u00e8s une \u00e9dition 2023 rat\u00e9e et alors qu\u2019on le pensait fini pour le tr\u00e8s haut niveau apr\u00e8s son d\u00e9part pour l\u2019Arabie Saoudite, l\u2019enfant de Bambali signe une \u00e9dition 2025 fantastique.<\/p>\n<p>Au service du collectif, Man\u00e9 est en mission depuis le d\u00e9part. Il initie le pressing, mobilise autour de lui alors qu\u2019il n\u2019est plus le point n\u00e9vralgique de l\u2019\u00e9quipe. Aujourd\u2019hui, il partage le leadership avec une flop\u00e9e de cadres (Mendy, Koulibaly, Gueye) et fait la place \u00e0 une nouvelle g\u00e9n\u00e9ration. Man\u00e9 n\u2019est plus l\u2019alpha et l\u2019om\u00e9ga du S\u00e9n\u00e9gal mais son but en demi-finale rappelle qu\u2019il n\u2019est pas et ne sera jamais un S\u00e9n\u00e9galais parmi d\u2019autres. &#8220;Bravo \u00e0 notre star Sadio Man\u00e9 qui nous d\u00e9bloque un match vraiment difficile, l&#8217;a f\u00e9licit\u00e9 son s\u00e9lectionneur, Pape Thiaw. Il a vraiment montr\u00e9 qui \u00e9tait Sadio Man\u00e9.&#8221;<\/p>\n<p>Salah maudit<\/p>\n<p>\u00c0 l&#8217;aff\u00fbt d&#8217;un tir de Lamine Camara contr\u00e9 par la d\u00e9fense, Man\u00e9, sans se poser de question, a contr\u00f4l\u00e9 le ballon repris du pied droit aux abords de la surface et surpris Mohamed El-Shenawy au ras du poteau gauche (1-0, 78e). Et comme \u00e0 chaque fois que Man\u00e9 marque, le S\u00e9n\u00e9gal ne perd pas. Pour la 20e fois, il fut d\u00e9cisif \u00e0 la CAN. Aucun joueur n\u2019a fait mieux au XXIe si\u00e8cle. Ni Samuel Eto\u2019o, ni Didier Drogba, ni Pierre-Emerick Aubameyang. Personne ni m\u00eame\u2026 Mohamed Salah. Alors que le S\u00e9n\u00e9gal peut remporter sa seconde CAN dimanche, Salah, lui, ne soul\u00e8vera sans doute jamais le troph\u00e9e.<\/p>\n<p>Ce mercredi, malgr\u00e9 une comp\u00e9tition plut\u00f4t r\u00e9ussie bien que discr\u00e8te dans le jeu, il a trimball\u00e9 son fant\u00f4me. Aucune occasion, aucun tir cadr\u00e9, seulement 4 de ses 15 duels gagn\u00e9s et 14 ballons perdus. Il symbolise l\u2019impuissance \u00e9gyptienne du jour lors d\u2019une nouvelle d\u00e9faite face au S\u00e9n\u00e9gal qui l\u2019aura d\u00e9j\u00e0 priv\u00e9 d\u2019une CAN en 2021 et de la Coupe du monde aux Etats-Unis.<\/p>\n<p>Apr\u00e8s deux finales perdues en 2017 et 2021, Salah \u00e9choue encore une fois \u00e0 ramener le troph\u00e9e au Caire. L\u2019Egypte a remport\u00e9 sept fois la comp\u00e9tition, un record, jamais avec Salah. Man\u00e9, lui a rapport\u00e9 la seule CAN de l\u2019histoire du S\u00e9n\u00e9gal et jouera sa troisi\u00e8me finale lors des quatre derni\u00e8res \u00e9ditions. Deux destins oppos\u00e9s qui se sont entrechoqu\u00e9s \u00e0 Tanger et confirm\u00e9 chacune des tendances. Man\u00e9 est une l\u00e9gende du continent africain. Pas Salah.<\/p>\n","protected":false},"excerpt":{"rendered":"Mohamed Salah et Sadio Man\u00e9 lors de S\u00e9n\u00e9gal &#8211; Egypte Cr\u00e9dit: Getty Images Mohamed Salah laissera sans doute&hellip;\n","protected":false},"author":2,"featured_media":24063,"comment_status":"","ping_status":"","sticky":false,"template":"","format":"standard","meta":{"footnotes":""},"categories":[62],"tags":[64,311,12695],"class_list":{"0":"post-24062","1":"post","2":"type-post","3":"status-publish","4":"format-standard","5":"has-post-thumbnail","7":"category-afrique","8":"tag-afrique","9":"tag-football","10":"tag-totalenergies-africa-cup-of-nations-2025"},"share_on_mastodon":{"url":"","error":""},"_links":{"self":[{"href":"https:\/\/www.europesays.com\/africa\/wp-json\/wp\/v2\/posts\/24062","targetHints":{"allow":["GET"]}}],"collection":[{"href":"https:\/\/www.europesays.com\/africa\/wp-json\/wp\/v2\/posts"}],"about":[{"href":"https:\/\/www.europesays.com\/africa\/wp-json\/wp\/v2\/types\/post"}],"author":[{"embeddable":true,"href":"https:\/\/www.europesays.com\/africa\/wp-json\/wp\/v2\/users\/2"}],"replies":[{"embeddable":true,"href":"https:\/\/www.europesays.com\/africa\/wp-json\/wp\/v2\/comments?post=24062"}],"version-history":[{"count":0,"href":"https:\/\/www.europesays.com\/africa\/wp-json\/wp\/v2\/posts\/24062\/revisions"}],"wp:featuredmedia":[{"embeddable":true,"href":"https:\/\/www.europesays.com\/africa\/wp-json\/wp\/v2\/media\/24063"}],"wp:attachment":[{"href":"https:\/\/www.europesays.com\/africa\/wp-json\/wp\/v2\/media?parent=24062"}],"wp:term":[{"taxonomy":"category","embeddable":true,"href":"https:\/\/www.europesays.com\/africa\/wp-json\/wp\/v2\/categories?post=24062"},{"taxonomy":"post_tag","embeddable":true,"href":"https:\/\/www.europesays.com\/africa\/wp-json\/wp\/v2\/tags?post=24062"}],"curies":[{"name":"wp","href":"https:\/\/api.w.org\/{rel}","templated":true}]}}