{"id":24082,"date":"2026-01-15T02:29:09","date_gmt":"2026-01-15T02:29:09","guid":{"rendered":"https:\/\/www.europesays.com\/africa\/24082\/"},"modified":"2026-01-15T02:29:09","modified_gmt":"2026-01-15T02:29:09","slug":"le-senegal-dmbaye-se-qualifie-pour-la-finale-de-la-can","status":"publish","type":"post","link":"https:\/\/www.europesays.com\/africa\/24082\/","title":{"rendered":"Le S\u00e9n\u00e9gal d&#8217;Mbaye se qualifie pour la finale de la CAN"},"content":{"rendered":"<p><img width=\"700\" height=\"350\" src=\"https:\/\/www.europesays.com\/africa\/wp-content\/uploads\/2026\/01\/Mbaye-1.jpg\" class=\"attachment-jannah-image-post size-jannah-image-post wp-post-image\" alt=\"Mbaye S\u00e9n\u00e9gal\" is_main_img=\"1\" decoding=\"async\" fetchpriority=\"high\"  \/><br \/>\n Image : Icon<br \/>\nSport<\/p>\n<p>Ce mercredi soir, le S\u00e9n\u00e9gal affrontait l\u2019\u00c9gypte en<br \/>\ndemi-finale de la Coupe d\u2019Afrique des Nations. Les co\u00e9quipiers<br \/>\nd\u2019Ibrahim Mbaye se sont qualifi\u00e9s en finale.\u00a0<\/p>\n<p>Le PSG pourrait avoir deux joueurs en finale de<br \/>\nla Coupe d\u2019Afrique des Nations. Ce mercredi soir,<br \/>\nle S\u00e9n\u00e9gal d\u2019Ibrahim Mbaye<br \/>\naffrontait l\u2019\u00c9gypte lors de la premi\u00e8re <a href=\"https:\/\/canal-supporters.com\/can-mbaye-et-le-senegal-filent-en-demi-finale-apres-la-victoire-face-au-mali\/\" title=\"\" rel=\"nofollow noopener\" target=\"_blank\">demi-finale<\/a>, alors que le Maroc<br \/>\n<a href=\"https:\/\/canal-supporters.com\/la-joie-dachraf-hakimi-apres-son-retour-sur-les-terrains\/\" title=\"\" rel=\"nofollow noopener\" target=\"_blank\">d\u2019Achraf Hakimi<\/a> affronte le<br \/>\nNig\u00e9ria un peu plus tard ce soir (21 heures,<br \/>\nbeIN SPORTS 1). Comme depuis le d\u00e9but de la comp\u00e9tition,<br \/>\nle titi du PSG a commenc\u00e9 la rencontre sur le<br \/>\nbanc. Cette premi\u00e8re demi-finale est ferm\u00e9e, les deux \u00e9quipes<br \/>\ns\u2019observant. Les S\u00e9n\u00e9galais vont rapidement avoir un coup dur avec<br \/>\nla sortie sur blessure de leur capitaine, Kalidou<br \/>\nKoulibaly (23e). Lors de la premi\u00e8re mi-temps, il y a tr\u00e8s<br \/>\npeu d\u2019occasions m\u00eame si c\u2019est le S\u00e9n\u00e9gal qui se<br \/>\nmontre plus entreprenant. Les deux \u00e9quipes rentrent aux vestiaires<br \/>\nsur ce score nul et vierge.\u00a0<\/p>\n<p><a href=\"https:\/\/x.com\/CanalSupporters\" target=\"_blank\" rel=\"noopener nofollow\" title=\"\">canalsupporters.com<\/a><\/p>\n<p>Sadio Man\u00e9 en<br \/>\nh\u00e9ros<\/p>\n<p>La seconde p\u00e9riode est similaire \u00e0 la premi\u00e8re, les deux \u00e9quipes<br \/>\nn\u2019arrivent pas \u00e0 se montrer dangereuses. L\u2019enjeu de se qualifier en<br \/>\nfinale de la Coupe d\u2019Afrique des Nations semble<br \/>\nt\u00e9taniser les 22 acteurs. Il faut attendre les quinze derni\u00e8res<br \/>\nminutes de la rencontre pour voir la situation se d\u00e9bloquer. Apr\u00e8s<br \/>\nune frappe contr\u00e9e de Camara aux 25 m\u00e8tres, le<br \/>\nballon atterrit dans les pieds de Sadio Man\u00e9 qui<br \/>\ntrompe El-Shenawy au ras du poteau gauche (1-0,<br \/>\n78e). Apr\u00e8s cette ouverture du score, l\u2019\u00c9gypte va<br \/>\npousser pour \u00e9galiser mais sans r\u00e9ussite, ne se procurant qu\u2019une<br \/>\nseule occasion franche avec une frappe d\u2019Omar<br \/>\nMarmoush capt\u00e9e sans probl\u00e8me par Edouard<br \/>\nMendy (95e). Le S\u00e9n\u00e9gal s\u2019impose<br \/>\nfinalement et se qualifie pour la finale <a href=\"https:\/\/www.cafonline.com\/fr\/can2025\/\" target=\"_blank\" rel=\"noopener nofollow\" title=\"\">(1-0)<\/a>. Il attend d\u00e9sormais son adversaire.<br \/>\nLe Maroc, avec le lat\u00e9ral droit du<br \/>\nPSG, Achraf Hakimi, titulaire et<br \/>\ncapitaine, et le Nig\u00e9ria s\u2019affrontent ce soir pour<br \/>\nvalider le deuxi\u00e8me billet pour la finale de la<br \/>\nCAN. Ibrahim Mbaye, auteur de<br \/>\nbelles entr\u00e9es en jeu lors de cette Coupe d\u2019Afrique des<br \/>\nNations, est rest\u00e9 sur le banc ce soir.\u00a0<\/p>\n","protected":false},"excerpt":{"rendered":"Image : Icon Sport Ce mercredi soir, le S\u00e9n\u00e9gal affrontait l\u2019\u00c9gypte en demi-finale de la Coupe d\u2019Afrique des&hellip;\n","protected":false},"author":2,"featured_media":23572,"comment_status":"","ping_status":"","sticky":false,"template":"","format":"standard","meta":{"footnotes":""},"categories":[48],"tags":[360,179,2112,940,1739,1540,2114,723,2115,2116,768,159,2121],"class_list":{"0":"post-24082","1":"post","2":"type-post","3":"status-publish","4":"format-standard","5":"has-post-thumbnail","7":"category-senegal","8":"tag-can","9":"tag-can-2025","10":"tag-canal-supporters","11":"tag-coupe-dafrique-des-nations","12":"tag-coupe-dafrique-des-nations-2025","13":"tag-ibrahim-mbaye","14":"tag-mbaye","15":"tag-paris","16":"tag-paris-saint-germain","17":"tag-paris-sg","18":"tag-psg","19":"tag-senegal","20":"tag-une"},"share_on_mastodon":{"url":"","error":""},"_links":{"self":[{"href":"https:\/\/www.europesays.com\/africa\/wp-json\/wp\/v2\/posts\/24082","targetHints":{"allow":["GET"]}}],"collection":[{"href":"https:\/\/www.europesays.com\/africa\/wp-json\/wp\/v2\/posts"}],"about":[{"href":"https:\/\/www.europesays.com\/africa\/wp-json\/wp\/v2\/types\/post"}],"author":[{"embeddable":true,"href":"https:\/\/www.europesays.com\/africa\/wp-json\/wp\/v2\/users\/2"}],"replies":[{"embeddable":true,"href":"https:\/\/www.europesays.com\/africa\/wp-json\/wp\/v2\/comments?post=24082"}],"version-history":[{"count":0,"href":"https:\/\/www.europesays.com\/africa\/wp-json\/wp\/v2\/posts\/24082\/revisions"}],"wp:featuredmedia":[{"embeddable":true,"href":"https:\/\/www.europesays.com\/africa\/wp-json\/wp\/v2\/media\/23572"}],"wp:attachment":[{"href":"https:\/\/www.europesays.com\/africa\/wp-json\/wp\/v2\/media?parent=24082"}],"wp:term":[{"taxonomy":"category","embeddable":true,"href":"https:\/\/www.europesays.com\/africa\/wp-json\/wp\/v2\/categories?post=24082"},{"taxonomy":"post_tag","embeddable":true,"href":"https:\/\/www.europesays.com\/africa\/wp-json\/wp\/v2\/tags?post=24082"}],"curies":[{"name":"wp","href":"https:\/\/api.w.org\/{rel}","templated":true}]}}