{"id":24136,"date":"2026-01-15T03:11:10","date_gmt":"2026-01-15T03:11:10","guid":{"rendered":"https:\/\/www.europesays.com\/africa\/24136\/"},"modified":"2026-01-15T03:11:10","modified_gmt":"2026-01-15T03:11:10","slug":"ndella-madior-diouf-reste-en-detention-le-proces-encore-ajourne","status":"publish","type":"post","link":"https:\/\/www.europesays.com\/africa\/24136\/","title":{"rendered":"Ndella Madior Diouf reste en d\u00e9tention, le proc\u00e8s encore ajourn\u00e9"},"content":{"rendered":"<p data-originalcomputedfontsize=\"16\" data-originalfontsize=\"inherit\" style=\"font-size: 1rem; -webkit-text-size-adjust: auto; caret-color: rgb(212, 212, 213); word-spacing: 1px; -webkit-tap-highlight-color: rgba(255, 255, 255, 0.25); font-family: -apple-system, sans-serif; border-color: rgb(49, 49, 49); color: rgb(49, 49, 49);\">Le dossier de la pouponni\u00e8re \u00ab Keur Yeurmand\u00e9 \u00bb, qui avait provoqu\u00e9 une onde de choc nationale apr\u00e8s la diffusion d\u2019images insoutenables, continue de s\u2019enliser dans les m\u00e9andres judiciaires. Selon L\u2019Observateur, la Chambre criminelle de Dakar a d\u00e9cid\u00e9, hier mardi 13 janvier 2026, de renvoyer une nouvelle fois l\u2019examen de cette affaire hautement sensible. Le proc\u00e8s est d\u00e9sormais fix\u00e9 au 10 f\u00e9vrier prochain. <\/p>\n<p style=\"-webkit-text-size-adjust: auto; caret-color: rgb(212, 212, 213); font-size: inherit; word-spacing: 1px; -webkit-tap-highlight-color: rgba(255, 255, 255, 0.25); font-family: -apple-system, sans-serif; border-color: rgb(49, 49, 49); color: rgb(49, 49, 49);\">\u00a0 <\/p>\n<p data-originalcomputedfontsize=\"16\" data-originalfontsize=\"inherit\" style=\"font-size: 1rem; -webkit-text-size-adjust: auto; caret-color: rgb(212, 212, 213); word-spacing: 1px; -webkit-tap-highlight-color: rgba(255, 255, 255, 0.25); font-family: -apple-system, sans-serif; border-color: rgb(49, 49, 49); color: rgb(49, 49, 49);\">Ce nouveau renvoi est essentiellement proc\u00e9dural. D\u2019apr\u00e8s L\u2019Observateur, plusieurs accus\u00e9s non d\u00e9tenus, t\u00e9moins et parties civiles \u00e9taient absents \u00e0 l\u2019audience, leurs citations n\u2019ayant pas \u00e9t\u00e9 r\u00e9guli\u00e8rement effectu\u00e9es. Une situation qui a contraint la juridiction \u00e0 ajourner les d\u00e9bats, au grand dam de l\u2019opinion publique, toujours en attente de v\u00e9rit\u00e9 et de justice dans ce dossier embl\u00e9matique. <\/p>\n<p style=\"-webkit-text-size-adjust: auto; caret-color: rgb(212, 212, 213); font-size: inherit; word-spacing: 1px; -webkit-tap-highlight-color: rgba(255, 255, 255, 0.25); font-family: -apple-system, sans-serif; border-color: rgb(49, 49, 49); color: rgb(49, 49, 49);\">\u00a0 <\/p>\n<p data-originalcomputedfontsize=\"16\" data-originalfontsize=\"inherit\" style=\"font-size: 1rem; -webkit-text-size-adjust: auto; caret-color: rgb(212, 212, 213); word-spacing: 1px; -webkit-tap-highlight-color: rgba(255, 255, 255, 0.25); font-family: -apple-system, sans-serif; border-color: rgb(49, 49, 49); color: rgb(49, 49, 49);\">Principale accus\u00e9e, Ndella Madior Diouf, directrice de la pouponni\u00e8re situ\u00e9e \u00e0 Sacr\u00e9-C\u0153ur 3, demeure derri\u00e8re les barreaux. Sa demande de libert\u00e9 provisoire a \u00e9t\u00e9 rejet\u00e9e par la Chambre criminelle, la maintenant au Camp p\u00e9nal de Libert\u00e9 6 o\u00f9 elle est incarc\u00e9r\u00e9e depuis plus de deux ans, souligne L\u2019Observateur. Une d\u00e9cision qui confirme la fermet\u00e9 de la justice face \u00e0 la gravit\u00e9 des faits reproch\u00e9s. <\/p>\n<p style=\"-webkit-text-size-adjust: auto; caret-color: rgb(212, 212, 213); font-size: inherit; word-spacing: 1px; -webkit-tap-highlight-color: rgba(255, 255, 255, 0.25); font-family: -apple-system, sans-serif; border-color: rgb(49, 49, 49); color: rgb(49, 49, 49);\">\u00a0 <\/p>\n<p data-originalcomputedfontsize=\"16\" data-originalfontsize=\"inherit\" style=\"font-size: 1rem; -webkit-text-size-adjust: auto; caret-color: rgb(212, 212, 213); word-spacing: 1px; -webkit-tap-highlight-color: rgba(255, 255, 255, 0.25); font-family: -apple-system, sans-serif; border-color: rgb(49, 49, 49); color: rgb(49, 49, 49);\">Au total, seize personnes sont poursuivies dans cette affaire tentaculaire. Les chefs d\u2019accusation, d\u2019une extr\u00eame lourdeur, donnent la mesure de l\u2019horreur d\u00e9crite dans le dossier. Il s\u2019agit notamment de traite de personnes, exercice ill\u00e9gal de la fonction de m\u00e9decin, privation d\u2019aliments ou de soins ayant entra\u00een\u00e9 la mort sans intention de la donner, mise en danger de la vie d\u2019autrui, non-assistance \u00e0 personne en danger, obtention indue de certificat aux fins d\u2019inhumation, infractions aux lois sur les inhumations, homicide involontaire, non-d\u00e9claration de naissance, ainsi que complicit\u00e9 de ces infractions, rapporte L\u2019Observateur. <\/p>\n<p style=\"-webkit-text-size-adjust: auto; caret-color: rgb(212, 212, 213); font-size: inherit; word-spacing: 1px; -webkit-tap-highlight-color: rgba(255, 255, 255, 0.25); font-family: -apple-system, sans-serif; border-color: rgb(49, 49, 49); color: rgb(49, 49, 49);\">\u00a0 <\/p>\n<p data-originalcomputedfontsize=\"16\" data-originalfontsize=\"inherit\" style=\"font-size: 1rem; -webkit-text-size-adjust: auto; caret-color: rgb(212, 212, 213); word-spacing: 1px; -webkit-tap-highlight-color: rgba(255, 255, 255, 0.25); font-family: -apple-system, sans-serif; border-color: rgb(49, 49, 49); color: rgb(49, 49, 49);\">L\u2019affaire remonte \u00e0 la fin de l\u2019ann\u00e9e 2023. Le 28 d\u00e9cembre, Ndella Madior Diouf est arr\u00eat\u00e9e puis plac\u00e9e sous mandat de d\u00e9p\u00f4t. Quelques jours auparavant, une vid\u00e9o devenue virale avait boulevers\u00e9 l\u2019opinion publique s\u00e9n\u00e9galaise et internationale. On y voyait un nourrisson agonisant, le corps amaigri, \u00e9tendu sur un lit, tandis que des cris d\u00e9chirants se faisaient entendre en arri\u00e8re-plan. Ces images, qualifi\u00e9es d\u2019insoutenables par L\u2019Observateur, avaient d\u00e9clench\u00e9 une vague d\u2019indignation et une p\u00e9tition r\u00e9clamant la fermeture imm\u00e9diate de la pouponni\u00e8re. <\/p>\n<p style=\"-webkit-text-size-adjust: auto; caret-color: rgb(212, 212, 213); font-size: inherit; word-spacing: 1px; -webkit-tap-highlight-color: rgba(255, 255, 255, 0.25); font-family: -apple-system, sans-serif; border-color: rgb(49, 49, 49); color: rgb(49, 49, 49);\">\u00a0 <\/p>\n<p data-originalcomputedfontsize=\"16\" data-originalfontsize=\"inherit\" style=\"font-size: 1rem; -webkit-text-size-adjust: auto; caret-color: rgb(212, 212, 213); word-spacing: 1px; -webkit-tap-highlight-color: rgba(255, 255, 255, 0.25); font-family: -apple-system, sans-serif; border-color: rgb(49, 49, 49); color: rgb(49, 49, 49);\">Six jours apr\u00e8s la diffusion de la vid\u00e9o, la Brigade de protection de la S\u00fbret\u00e9 urbaine de Dakar interpelle la directrice de \u00ab Keur Yeurmand\u00e9 \u00bb. Depuis son incarc\u00e9ration, Ndella Madior Diouf d\u00e9nonce r\u00e9guli\u00e8rement des conditions de d\u00e9tention qu\u2019elle qualifie d\u2019oppressantes, sans toutefois parvenir \u00e0 infl\u00e9chir la position de la justice. <\/p>\n<p style=\"-webkit-text-size-adjust: auto; caret-color: rgb(212, 212, 213); font-size: inherit; word-spacing: 1px; -webkit-tap-highlight-color: rgba(255, 255, 255, 0.25); font-family: -apple-system, sans-serif; border-color: rgb(49, 49, 49); color: rgb(49, 49, 49);\">\u00a0 <\/p>\n<p data-originalcomputedfontsize=\"16\" data-originalfontsize=\"inherit\" dir=\"auto\" style=\"font-size: 1rem; -webkit-text-size-adjust: auto; caret-color: rgb(212, 212, 213); word-spacing: 1px; -webkit-tap-highlight-color: rgba(255, 255, 255, 0.25); font-family: -apple-system, sans-serif; border-color: rgb(49, 49, 49); color: rgb(49, 49, 49);\">Renvoy\u00e9e au 10 f\u00e9vrier 2026, l\u2019affaire \u00ab Keur Yeurmand\u00e9 \u00bb continue\u00a0 <\/p>\n","protected":false},"excerpt":{"rendered":"Le dossier de la pouponni\u00e8re \u00ab Keur Yeurmand\u00e9 \u00bb, qui avait provoqu\u00e9 une onde de choc nationale apr\u00e8s&hellip;\n","protected":false},"author":2,"featured_media":24137,"comment_status":"","ping_status":"","sticky":false,"template":"","format":"standard","meta":{"footnotes":""},"categories":[48],"tags":[64,274,279,273,277,278,271,281,283,272,280,276,275,159,282],"class_list":{"0":"post-24136","1":"post","2":"type-post","3":"status-publish","4":"format-standard","5":"has-post-thumbnail","7":"category-senegal","8":"tag-afrique","9":"tag-aliou-cisse","10":"tag-amadou-ba","11":"tag-apr","12":"tag-bassirou-diomaye-faye","13":"tag-bathelemy-dias","14":"tag-dakar","15":"tag-el-malick-ndiaye","16":"tag-guy-marius-sagna","17":"tag-macky-sall","18":"tag-madiambal-diagne","19":"tag-ousmane-sonko","20":"tag-pastef","21":"tag-senegal","22":"tag-ziguinchor"},"share_on_mastodon":{"url":"","error":""},"_links":{"self":[{"href":"https:\/\/www.europesays.com\/africa\/wp-json\/wp\/v2\/posts\/24136","targetHints":{"allow":["GET"]}}],"collection":[{"href":"https:\/\/www.europesays.com\/africa\/wp-json\/wp\/v2\/posts"}],"about":[{"href":"https:\/\/www.europesays.com\/africa\/wp-json\/wp\/v2\/types\/post"}],"author":[{"embeddable":true,"href":"https:\/\/www.europesays.com\/africa\/wp-json\/wp\/v2\/users\/2"}],"replies":[{"embeddable":true,"href":"https:\/\/www.europesays.com\/africa\/wp-json\/wp\/v2\/comments?post=24136"}],"version-history":[{"count":0,"href":"https:\/\/www.europesays.com\/africa\/wp-json\/wp\/v2\/posts\/24136\/revisions"}],"wp:featuredmedia":[{"embeddable":true,"href":"https:\/\/www.europesays.com\/africa\/wp-json\/wp\/v2\/media\/24137"}],"wp:attachment":[{"href":"https:\/\/www.europesays.com\/africa\/wp-json\/wp\/v2\/media?parent=24136"}],"wp:term":[{"taxonomy":"category","embeddable":true,"href":"https:\/\/www.europesays.com\/africa\/wp-json\/wp\/v2\/categories?post=24136"},{"taxonomy":"post_tag","embeddable":true,"href":"https:\/\/www.europesays.com\/africa\/wp-json\/wp\/v2\/tags?post=24136"}],"curies":[{"name":"wp","href":"https:\/\/api.w.org\/{rel}","templated":true}]}}