{"id":24138,"date":"2026-01-15T03:12:07","date_gmt":"2026-01-15T03:12:07","guid":{"rendered":"https:\/\/www.europesays.com\/africa\/24138\/"},"modified":"2026-01-15T03:12:07","modified_gmt":"2026-01-15T03:12:07","slug":"la-punchline-de-walid-regragui-sur-les-critiques","status":"publish","type":"post","link":"https:\/\/www.europesays.com\/africa\/24138\/","title":{"rendered":"la punchline de Walid Regragui sur les critiques"},"content":{"rendered":"<p>22 ans plus tard, le <a href=\"https:\/\/www.footmercato.net\/selection\/maroc\/\" rel=\"nofollow noopener\" target=\"_blank\">Maroc<\/a> est en finale de la Coupe d\u2019Afrique. Les hommes de <a href=\"https:\/\/www.footmercato.net\/entraineur\/hoalid-regragui\" rel=\"nofollow noopener\" target=\"_blank\">Walid Regragui<\/a> ont domin\u00e9 le Nig\u00e9ria ce soir lors des demi-finales et ont pu compter sur un grand Yassine Bounou pour s\u2019en sortir lors de la s\u00e9ance des tirs au but. Et apr\u00e8s la rencontre, le s\u00e9lectionneur du Maroc est revenu au micro de beIN Sports sur les critiques qu\u2019il a re\u00e7us depuis quelques mois avec le ton qu\u2019on lui connait.<\/p>\n<p>            La suite apr\u00e8s cette publicit\u00e9<\/p>\n<p>\u00abC\u2019est vrai que je n\u2019ai pas \u00e9t\u00e9 que chahut\u00e9. C\u2019\u00e9tait une campagne\u2026 on va dire pas correcte. Mais ce n\u2019est pas grave, on l\u2019a accept\u00e9. Le groupe m\u2019a vraiment prot\u00e9g\u00e9, ils aiment leur coach. Je leur ai dit, c\u2019est sur le terrain qu\u2019ils doivent me le rendre. Maintenant, la critique fait partie du football. Je sais qu\u2019au Maroc, la moindre d\u00e9faite et m\u00eame le moindre nul, c\u2019est une catastrophe. On est rest\u00e9 concentr\u00e9, on est heureux pour le public parce qu\u2019on sait que 90% des supporters sont derri\u00e8res. Je suis heureux aussi pour les anciens joueurs, ils ont particip\u00e9 en faisant \u00e9voluer cette \u00e9quipe, en choisissant le Maroc tr\u00e8s t\u00f4t. On r\u00e9colte l\u2019\u00e2ge d\u2019or du foot marocain mais il ne faut pas oublier d\u2019o\u00f9 on vient.\u00bb<\/p>\n<p>\n    Pub. le 15\/01\/2026 03:40<br \/>\n            &#8211; MAJ le 15\/01\/2026 03:42\n    <\/p>\n","protected":false},"excerpt":{"rendered":"22 ans plus tard, le Maroc est en finale de la Coupe d\u2019Afrique. Les hommes de Walid Regragui&hellip;\n","protected":false},"author":2,"featured_media":4109,"comment_status":"","ping_status":"","sticky":false,"template":"","format":"standard","meta":{"footnotes":""},"categories":[41],"tags":[158],"class_list":{"0":"post-24138","1":"post","2":"type-post","3":"status-publish","4":"format-standard","5":"has-post-thumbnail","7":"category-maroc","8":"tag-maroc"},"share_on_mastodon":{"url":"","error":""},"_links":{"self":[{"href":"https:\/\/www.europesays.com\/africa\/wp-json\/wp\/v2\/posts\/24138","targetHints":{"allow":["GET"]}}],"collection":[{"href":"https:\/\/www.europesays.com\/africa\/wp-json\/wp\/v2\/posts"}],"about":[{"href":"https:\/\/www.europesays.com\/africa\/wp-json\/wp\/v2\/types\/post"}],"author":[{"embeddable":true,"href":"https:\/\/www.europesays.com\/africa\/wp-json\/wp\/v2\/users\/2"}],"replies":[{"embeddable":true,"href":"https:\/\/www.europesays.com\/africa\/wp-json\/wp\/v2\/comments?post=24138"}],"version-history":[{"count":0,"href":"https:\/\/www.europesays.com\/africa\/wp-json\/wp\/v2\/posts\/24138\/revisions"}],"wp:featuredmedia":[{"embeddable":true,"href":"https:\/\/www.europesays.com\/africa\/wp-json\/wp\/v2\/media\/4109"}],"wp:attachment":[{"href":"https:\/\/www.europesays.com\/africa\/wp-json\/wp\/v2\/media?parent=24138"}],"wp:term":[{"taxonomy":"category","embeddable":true,"href":"https:\/\/www.europesays.com\/africa\/wp-json\/wp\/v2\/categories?post=24138"},{"taxonomy":"post_tag","embeddable":true,"href":"https:\/\/www.europesays.com\/africa\/wp-json\/wp\/v2\/tags?post=24138"}],"curies":[{"name":"wp","href":"https:\/\/api.w.org\/{rel}","templated":true}]}}