{"id":24151,"date":"2026-01-15T03:22:26","date_gmt":"2026-01-15T03:22:26","guid":{"rendered":"https:\/\/www.europesays.com\/africa\/24151\/"},"modified":"2026-01-15T03:22:26","modified_gmt":"2026-01-15T03:22:26","slug":"can-2025-sadio-mane-envoie-le-senegal-en-finale-aux-depens-de-legypte-journal-de-lafrique","status":"publish","type":"post","link":"https:\/\/www.europesays.com\/africa\/24151\/","title":{"rendered":"CAN-2025 : Sadio Man\u00e9 envoie le S\u00e9n\u00e9gal en finale, aux d\u00e9pens de l&#8217;Egypte &#8211; Journal de l&#8217;Afrique"},"content":{"rendered":"<p>A retrouver dans l\u2019\u00e9mission<\/p>\n<p>    <img fetchpriority=\"low\" decoding=\"async\" src=\"https:\/\/s.france24.com\/media\/display\/97ddb71c-0e81-11ee-800e-005056bfb2b6\/FR-le-journal-de-l-afrique.svg\"  alt=\"Journal de l'Afrique\" loading=\"lazy\" class=\"a-img  a-img--svg\"\/><\/p>\n<p>\n                                                Le S\u00e9n\u00e9gal s&#8217;est qualifi\u00e9 pour la finale de la Coupe d&#8217;Afrique des nations apr\u00e8s sa victoire contre l&#8217;Egypte (1-0) en demi-finale. Sadio Man\u00e9 a lib\u00e9r\u00e9 les Lions de la Teranga (78e) dans les derni\u00e8res minutes d&#8217;un match tendu.\u00a0&#8220;Je suis tr\u00e8s heureux de pouvoir jouer pour ma toute derni\u00e8re CAN, une finale avec les Lions. J&#8217;esp\u00e8re la remporter et amener le troph\u00e9e \u00e0 Dakar&#8221;, a t-il annonc\u00e9 .\u00a0Les S\u00e9n\u00e9galais joueront donc la finale dimanche avec l&#8217;objectif de remporter la CAN pour la seconde fois.                    <\/p>\n<p>Une haute responsable ougandaise a d\u00e9fendu mercredi la coupure d&#8217;internet impos\u00e9e la veille dans le pays d&#8217;Afrique de l&#8217;Est, juste avant les \u00e9lections pr\u00e9sidentielle et l\u00e9gislatives, affirmant qu&#8217;elle \u00e9tait n\u00e9cessaire pour pr\u00e9venir les \u00e9meutes et la d\u00e9sinformation.\u00a0Les Ougandais se rendent aux urnes jeudi pour un scrutin qui devrait voir le pr\u00e9sident Yoweri Museveni remporter un septi\u00e8me mandat, gr\u00e2ce \u00e0 son contr\u00f4le total sur l&#8217;appareil de l&#8217;\u00c9tat et les forces de s\u00e9curit\u00e9.\u00a0<\/p>\n<p>Les autorit\u00e9s nig\u00e9rianes ont ouvert une enqu\u00eate apr\u00e8s le r\u00e9cent d\u00e9c\u00e8s dans un h\u00f4pital de Lagos du b\u00e9b\u00e9 de l&#8217;\u00e9crivaine nig\u00e9riane \u00e0 succ\u00e8s Chimamanda Ngozi Adichie, qui a accus\u00e9 l&#8217;\u00e9tablissement de &#8220;n\u00e9gligence grave&#8221;.\u00a0Nkanu Nnamdi, 21 mois, l&#8217;un des jumeaux que l&#8217;autrice a eus avec son \u00e9poux m\u00e9decin, Ivara Esege, est d\u00e9c\u00e9d\u00e9 le 7 janvier &#8220;apr\u00e8s une br\u00e8ve maladie&#8221;, selon une communication priv\u00e9e de Mme Adichie, mais qui a \u00e9t\u00e9 divulgu\u00e9e au public.\u00a0Tomb\u00e9 malade, l&#8217;enfant avait \u00e9t\u00e9 emmen\u00e9 \u00e0 l&#8217;h\u00f4pital pour passer une IRM et d&#8217;autres examens en vue d&#8217;un rapatriement aux \u00c9tats-Unis, o\u00f9 vit Mme Adichie.\u00a0La famille se trouvait au Nigeria pour les vacances de fin d&#8217;ann\u00e9e.<\/p>\n<p>Enfin,\u00a0le 14 janvier 2011, apr\u00e8s un mois de manifestations, le pr\u00e9sident tunisien Zine Ben Ali prenait la fuite, mettant fin \u00e0 23 ans de r\u00e8gne sans partage. Une nouvelle \u00e8re politique et des aspirations d\u00e9mocratiques s&#8217;ouvraient \u00e0 la Tunisie. Pourtant 15 ans apr\u00e8s, il n&#8217;en reste rien : opposition musel\u00e9e, activistes emprisonn\u00e9s justice aux ordres du tout puissant pr\u00e9sident Kais Saied.\u00a0Pour en parler nous recevons Hatem Nafti co-responsable du projet Tunisie de Noria Research, et essayiste.<\/p>\n","protected":false},"excerpt":{"rendered":"A retrouver dans l\u2019\u00e9mission Le S\u00e9n\u00e9gal s&#8217;est qualifi\u00e9 pour la finale de la Coupe d&#8217;Afrique des nations apr\u00e8s&hellip;\n","protected":false},"author":2,"featured_media":24152,"comment_status":"","ping_status":"","sticky":false,"template":"","format":"standard","meta":{"footnotes":""},"categories":[62],"tags":[64,2681],"class_list":{"0":"post-24151","1":"post","2":"type-post","3":"status-publish","4":"format-standard","5":"has-post-thumbnail","7":"category-afrique","8":"tag-afrique","9":"tag-journal-de-lafrique"},"share_on_mastodon":{"url":"","error":""},"_links":{"self":[{"href":"https:\/\/www.europesays.com\/africa\/wp-json\/wp\/v2\/posts\/24151","targetHints":{"allow":["GET"]}}],"collection":[{"href":"https:\/\/www.europesays.com\/africa\/wp-json\/wp\/v2\/posts"}],"about":[{"href":"https:\/\/www.europesays.com\/africa\/wp-json\/wp\/v2\/types\/post"}],"author":[{"embeddable":true,"href":"https:\/\/www.europesays.com\/africa\/wp-json\/wp\/v2\/users\/2"}],"replies":[{"embeddable":true,"href":"https:\/\/www.europesays.com\/africa\/wp-json\/wp\/v2\/comments?post=24151"}],"version-history":[{"count":0,"href":"https:\/\/www.europesays.com\/africa\/wp-json\/wp\/v2\/posts\/24151\/revisions"}],"wp:featuredmedia":[{"embeddable":true,"href":"https:\/\/www.europesays.com\/africa\/wp-json\/wp\/v2\/media\/24152"}],"wp:attachment":[{"href":"https:\/\/www.europesays.com\/africa\/wp-json\/wp\/v2\/media?parent=24151"}],"wp:term":[{"taxonomy":"category","embeddable":true,"href":"https:\/\/www.europesays.com\/africa\/wp-json\/wp\/v2\/categories?post=24151"},{"taxonomy":"post_tag","embeddable":true,"href":"https:\/\/www.europesays.com\/africa\/wp-json\/wp\/v2\/tags?post=24151"}],"curies":[{"name":"wp","href":"https:\/\/api.w.org\/{rel}","templated":true}]}}