{"id":24155,"date":"2026-01-15T03:25:08","date_gmt":"2026-01-15T03:25:08","guid":{"rendered":"https:\/\/www.europesays.com\/africa\/24155\/"},"modified":"2026-01-15T03:25:08","modified_gmt":"2026-01-15T03:25:08","slug":"can-2025-entre-le-maroc-et-le-senegal-une-finale-entre-favoris-pour-une-2e-etoile","status":"publish","type":"post","link":"https:\/\/www.europesays.com\/africa\/24155\/","title":{"rendered":"CAN 2025 : entre le Maroc et le S\u00e9n\u00e9gal, une finale entre favoris pour une 2e \u00e9toile"},"content":{"rendered":"<p>Le d\u00e9nouement de la <a href=\"https:\/\/www.france24.com\/fr\/dossier\/can\/\" target=\"_self\" rel=\"nofollow noopener\">CAN 2025<\/a> au <a href=\"https:\/\/www.france24.com\/fr\/tag\/maroc\/\" target=\"_self\" class=\"gtm-add-suggested-tag\" rel=\"nofollow noopener\">Maroc<\/a> est imminent : apr\u00e8s les demi-finales qui ont vu s&#8217;opposer <a href=\"https:\/\/www.france24.com\/fr\/sports\/20260110-maroc-senegal-nigeria-egypte-carre-as-sacre-can-2025\" target=\"_self\" rel=\"nofollow noopener\">un carr\u00e9 d&#8217;as<\/a>, mercredi, les deux candidats pour le sacre sont d\u00e9sormais connus. Le <a href=\"https:\/\/www.france24.com\/fr\/tag\/s\u00e9n\u00e9gal\/\" target=\"_self\" class=\"gtm-add-suggested-tag\" rel=\"nofollow noopener\">S\u00e9n\u00e9gal<\/a> affrontera le Maroc, dimanche 18 janvier \u00e0 20 h, au stade Prince Moulay Abdellah de Rabat. Un duel de Lions, de la Teranga et de l&#8217;Atlas, qui tenteront de d\u00e9crocher une deuxi\u00e8me \u00e9toile.<\/p>\n<p> Le S\u00e9n\u00e9gal, la force tranquille <\/p>\n<p><a href=\"https:\/\/www.france24.com\/fr\/sports\/20260114-can-2025-man\u00e9-fait-sauter-le-verrou-\u00e9gyptien-et-envoie-le-s\u00e9n\u00e9gal-en-finale\" target=\"_self\" rel=\"nofollow noopener\">Vainqueur de l&#8217;\u00c9gypte gr\u00e2ce \u00e0 un but de Sadio Man\u00e9 dans le dernier quart d&#8217;heure (1-0)<\/a>, le S\u00e9n\u00e9gal arrive en finale aur\u00e9ol\u00e9 d&#8217;un parcours sans faute dans cette Coupe d&#8217;Afrique. Dans le groupe D, les Lions de la Teranga n&#8217;ont pas eu \u00e0 s&#8217;employer pour terminer premiers : deux succ\u00e8s probants <a href=\"https:\/\/www.france24.com\/fr\/sports\/20251223-resume-senegal-botswana-can-2025\" target=\"_self\" rel=\"nofollow noopener\">face au Botswana<\/a> et <a href=\"https:\/\/www.france24.com\/fr\/sports\/20251230-can-2025-senegal-assure-premiere-place-benin\" target=\"_self\" rel=\"nofollow noopener\">au B\u00e9nin<\/a> (3-0 \u00e0 chaque fois) et un match nul <a href=\"https:\/\/www.france24.com\/fr\/sports\/20251227-can-2025-senegal-rd-congo-choc-tient-tete-resume\" target=\"_self\" rel=\"nofollow noopener\">face \u00e0 la RD Congo<\/a> (1-1).<\/p>\n<p class=\"a-read-more\">\u00c0 lire aussi<a href=\"https:\/\/www.france24.com\/fr\/sports\/20260114-can-2025-un-premier-record-est-tomb\u00e9\" target=\"_self\" class=\"a-read-more__link\" rel=\"nofollow noopener\">CAN 2025 : un premier record est tomb\u00e9<\/a><\/p>\n<p>Lors de la phase finale, les S\u00e9n\u00e9galais ont aussi fait parler leur sup\u00e9riorit\u00e9 <a href=\"https:\/\/www.france24.com\/fr\/sports\/20260103-can-2025-senegal-soudan-huitiemes-quarts\" target=\"_self\" rel=\"nofollow noopener\">face au Soudan<\/a> en huiti\u00e8mes (3-1) puis\u00a0<a href=\"https:\/\/www.france24.com\/fr\/sports\/20260109-can-2025-senegal-mali-resume-quarts\" target=\"_self\" rel=\"nofollow noopener\">face au Mali<\/a> en quarts de finale (1-0). Sans forcer leur talent, les Lions de la Teranga ont assur\u00e9 l&#8217;essentiel \u00e0 chaque fois et impos\u00e9 leur sup\u00e9riorit\u00e9 dans chacune de ces rencontres.<\/p>\n<p class=\"a-read-more\">\u00c0 lire aussi<a href=\"https:\/\/www.france24.com\/fr\/sports\/20260114-can-2025-man\u00e9-fait-sauter-le-verrou-\u00e9gyptien-et-envoie-le-s\u00e9n\u00e9gal-en-finale\" target=\"_self\" class=\"a-read-more__link\" rel=\"nofollow noopener\">Man\u00e9 fait sauter le verrou \u00e9gyptien et envoie le S\u00e9n\u00e9gal en finale<\/a><\/p>\n<p><a href=\"https:\/\/www.france24.com\/fr\/sports\/20260114-can-2025-demi-finale-senegal-egypte-direct\" target=\"_self\" rel=\"nofollow noopener\">Contre l&#8217;\u00c9gypte<\/a>, le S\u00e9n\u00e9gal a rencontr\u00e9 sa premi\u00e8re difficult\u00e9 de la comp\u00e9tition. Face \u00e0 un bloc bas des Pharaons qui ne laissaient rien passer, les Lions de la Teranga ont longtemps cherch\u00e9 la cl\u00e9 pour d\u00e9verrouiller le cadenas \u00e9gyptien. Dans cette situation, le vainqueur de la CAN 2021 a su trouver la solution en s&#8217;en remettant \u00e0 une inspiration de son n\u00b010 l\u00e9gendaire, <a href=\"https:\/\/www.france24.com\/fr\/tag\/sadio-man\u00e9\/\" target=\"_self\" class=\"gtm-add-suggested-tag\" rel=\"nofollow noopener\">Sadio Man\u00e9<\/a>.<\/p>\n<p class=\"a-read-more\">\u00c0 lire aussi<a href=\"https:\/\/www.france24.com\/fr\/sports\/20260115-can-2025-sadio-mane-senegal-derniere-finale\" target=\"_self\" class=\"a-read-more__link\" rel=\"nofollow noopener\">Sadio Man\u00e9 va disputer la finale de &#8220;sa toute derni\u00e8re CAN&#8221; avec le S\u00e9n\u00e9gal<\/a><\/p>\n<p>Dimanche, le S\u00e9n\u00e9gal va tenter d&#8217;ajouter une deuxi\u00e8me coupe continentale dans son armoire \u00e0 troph\u00e9es. Mais elle aura fort \u00e0 faire et devra composer sans son capitaine Kalidou Koulibaly, sorti bless\u00e9 face aux Pharaons et qui aurait de toute fa\u00e7on manqu\u00e9 la finale en raison d&#8217;une accumulation de cartons jaunes.<\/p>\n<p> Le Maroc au rendez-vous de sa CAN <\/p>\n<p>D\u00e9sign\u00e9 avec le S\u00e9n\u00e9gal comme le principal favori pour le sacre avant le d\u00e9but de la comp\u00e9tition, le Maroc a r\u00e9pondu aux attentes en parvenant \u00e0 se hisser jusqu&#8217;en finale apr\u00e8s sa victoire <a href=\"https:\/\/www.france24.com\/fr\/sports\/20260114-can-2025-demi-finale-maroc-nigeria-direct\" target=\"_self\" rel=\"nofollow noopener\">face au Nigeria en demi-finales<\/a> (0-0, 4 t.a.b. \u00e0 2). Malgr\u00e9 la pression populaire autour des Lions de l&#8217;Atlas, les Marocains ont hauss\u00e9 leur niveau de jeu au point de museler le <a href=\"https:\/\/www.france24.com\/fr\/tag\/nigeria\/\" target=\"_self\" class=\"gtm-add-suggested-tag\" rel=\"nofollow noopener\">Nigeria<\/a>, qui avait marqu\u00e9 14 buts dans cette Coupe d&#8217;Afrique avant de les rencontrer.<\/p>\n<p class=\"a-read-more\">\u00c0 lire aussi<a href=\"https:\/\/www.france24.com\/fr\/sports\/20260114-can-2025-maroc-nigeria-tirs-au-but\" target=\"_self\" class=\"a-read-more__link\" rel=\"nofollow noopener\">CAN 2025 : le Maroc arrache sa finale aux tirs au but contre le Nigeria<\/a><\/p>\n<p>Pourtant, tout n&#8217;a pas \u00e9t\u00e9 rose pour le Maroc, malgr\u00e9 une premi\u00e8re place obtenue dans le groupe A. Les Lions de l&#8217;Atlas ont gagn\u00e9 <a href=\"https:\/\/www.france24.com\/fr\/sports\/20251221-can-2025-maroc-dominateur-victoire-comores\" target=\"_self\" rel=\"nofollow noopener\">face aux Comores lors du match d&#8217;ouverture<\/a> (2-0), non sans y laisser des plumes en perdant Romain Sa\u00efss sur blessure. Ils ont ensuite livr\u00e9 une <a href=\"https:\/\/www.france24.com\/fr\/sports\/20251226-can-2025-maroc-tendre-bute-solide-mali\" target=\"_self\" rel=\"nofollow noopener\">prestation terne face au Mali<\/a> (1-1) qui leur a notamment valu les sifflets de leur propre public. Mais comme dans une famille qui se chahute et qui s&#8217;aime, tout a \u00e9t\u00e9 pardonn\u00e9 apr\u00e8s <a href=\"https:\/\/www.france24.com\/fr\/sports\/20251229-can-2025-maroc-zambie-resume-resultats\" target=\"_self\" rel=\"nofollow noopener\">le succ\u00e8s face \u00e0 la Zambie<\/a> (3-0).<\/p>\n<p class=\"a-read-more\">\u00c0 lire aussi<a href=\"https:\/\/www.france24.com\/fr\/sports\/20260114-can-2025-battre-brahim-diaz-salah-osimhen-classement-buteurs\" target=\"_self\" class=\"a-read-more__link\" rel=\"nofollow noopener\">CAN 2025 : qui peut encore battre Brahim Diaz au classement des buteurs ?<\/a><\/p>\n<p>Lors de la phase finale, le Maroc \u00e9tait largement favori face \u00e0 la Tanzanie. Mais il a finalement remport\u00e9 son huiti\u00e8me de finale <a href=\"https:\/\/www.france24.com\/fr\/sports\/20260104-can-2025-maroc-tanzanie-diaz-hakimi-huitiemes\" target=\"_self\" rel=\"nofollow noopener\">sur la plus petite des marges<\/a> (1-0) sans apporter de certitudes pour la suite. Mais on reconna\u00eet une grande s\u00e9lection dans l&#8217;adversit\u00e9, et \u00e0 ce jeu-l\u00e0 les Lions de l&#8217;Atlas ont pleinement r\u00e9pondu pr\u00e9sent <a href=\"https:\/\/www.france24.com\/fr\/sports\/20260109-can-2025-maroc-dompte-cameroun-maniere-demi-finale\" target=\"_self\" rel=\"nofollow noopener\">face au Cameroun en quarts<\/a> (2-0), livrant notamment une premi\u00e8re mi-temps de haut niveau.<\/p>\n<p>Face au Nigeria, les sp\u00e9cialistes promettaient des moments difficiles pour les Marocains face \u00e0 l&#8217;armada offensive des Super Eagles. Il n&#8217;en a rien \u00e9t\u00e9 tant les Lions de l&#8217;Atlas ont su contenir la puissance offensive de leur adversaire. Place maintenant \u00e0 la finale que tout un pays attend avec impatience : elle pourrait permettre au Maroc de remporter la deuxi\u00e8me CAN de son histoire, 50 ans apr\u00e8s le premier sacre de 1976.<\/p>\n","protected":false},"excerpt":{"rendered":"Le d\u00e9nouement de la CAN 2025 au Maroc est imminent : apr\u00e8s les demi-finales qui ont vu s&#8217;opposer&hellip;\n","protected":false},"author":2,"featured_media":24156,"comment_status":"","ping_status":"","sticky":false,"template":"","format":"standard","meta":{"footnotes":""},"categories":[48],"tags":[179,311,158,122,1536,159,264],"class_list":{"0":"post-24155","1":"post","2":"type-post","3":"status-publish","4":"format-standard","5":"has-post-thumbnail","7":"category-senegal","8":"tag-can-2025","9":"tag-football","10":"tag-maroc","11":"tag-nigeria","12":"tag-sadio-mane","13":"tag-senegal","14":"tag-sports"},"share_on_mastodon":{"url":"","error":""},"_links":{"self":[{"href":"https:\/\/www.europesays.com\/africa\/wp-json\/wp\/v2\/posts\/24155","targetHints":{"allow":["GET"]}}],"collection":[{"href":"https:\/\/www.europesays.com\/africa\/wp-json\/wp\/v2\/posts"}],"about":[{"href":"https:\/\/www.europesays.com\/africa\/wp-json\/wp\/v2\/types\/post"}],"author":[{"embeddable":true,"href":"https:\/\/www.europesays.com\/africa\/wp-json\/wp\/v2\/users\/2"}],"replies":[{"embeddable":true,"href":"https:\/\/www.europesays.com\/africa\/wp-json\/wp\/v2\/comments?post=24155"}],"version-history":[{"count":0,"href":"https:\/\/www.europesays.com\/africa\/wp-json\/wp\/v2\/posts\/24155\/revisions"}],"wp:featuredmedia":[{"embeddable":true,"href":"https:\/\/www.europesays.com\/africa\/wp-json\/wp\/v2\/media\/24156"}],"wp:attachment":[{"href":"https:\/\/www.europesays.com\/africa\/wp-json\/wp\/v2\/media?parent=24155"}],"wp:term":[{"taxonomy":"category","embeddable":true,"href":"https:\/\/www.europesays.com\/africa\/wp-json\/wp\/v2\/categories?post=24155"},{"taxonomy":"post_tag","embeddable":true,"href":"https:\/\/www.europesays.com\/africa\/wp-json\/wp\/v2\/tags?post=24155"}],"curies":[{"name":"wp","href":"https:\/\/api.w.org\/{rel}","templated":true}]}}