{"id":24157,"date":"2026-01-15T03:26:08","date_gmt":"2026-01-15T03:26:08","guid":{"rendered":"https:\/\/www.europesays.com\/africa\/24157\/"},"modified":"2026-01-15T03:26:08","modified_gmt":"2026-01-15T03:26:08","slug":"enseignement-francais-au-maroc-tensions-croissantes-autour-des-frais-de-scolarite-2","status":"publish","type":"post","link":"https:\/\/www.europesays.com\/africa\/24157\/","title":{"rendered":"Enseignement fran\u00e7ais au\u00a0Maroc\u00a0: tensions croissantes autour des\u00a0frais de scolarit\u00e9"},"content":{"rendered":"<p>Face \u00e0 des hausses de frais de scolarit\u00e9 jug\u00e9es insoutenables, les associations de parents d&#8217;\u00e9l\u00e8ves UCPE et FCPE Maroc tirent la sonnette d&#8217;alarme. Derri\u00e8re ce conflit local se dessine une crise syst\u00e9mique de l&#8217;enseignement fran\u00e7ais \u00e0 l&#8217;\u00e9tranger<\/p>\n<p>Au Maroc, le r\u00e9seau d&#8217;enseignement fran\u00e7ais scolarise des milliers d&#8217;\u00e9l\u00e8ves, marocains comme fran\u00e7ais, dans des \u00e9tablissements longtemps consid\u00e9r\u00e9s comme un mod\u00e8le d&#8217;excellence. Mais depuis plusieurs ann\u00e9es, un malaise profond s&#8217;est install\u00e9. Les frais de scolarit\u00e9 n&#8217;ont cess\u00e9 d&#8217;augmenter, bien au-del\u00e0 de l&#8217;inflation, pla\u00e7ant de nombreuses familles dans une situation financi\u00e8re intenable.<\/p>\n<p>L&#8217;Union des conseils de parents d\u2019\u00e9l\u00e8ves (UCPE) et la F\u00e9d\u00e9ration des conseils de parents d&#8217;\u00e9l\u00e8ves Maroc (FCPE Maroc), deux associations regroupant les parents d&#8217;\u00e9l\u00e8ves scolaris\u00e9s dans le r\u00e9seau de l\u2019enseignement fran\u00e7ais, ont d\u00e9cid\u00e9 de hausser le ton. Dans un communiqu\u00e9 commun, elles d\u00e9noncent des augmentations qui \u00ab\u00a0ne correspondent \u00e0 aucune am\u00e9lioration tangible des conditions d&#8217;enseignement\u2009\u00a0\u00bb et appellent \u00e0 une mobilisation des familles concern\u00e9es.<\/p>\n<p>\t    <img decoding=\"async\" class=\"img-locker\" src=\"https:\/\/www.europesays.com\/africa\/wp-content\/uploads\/2026\/01\/1768447567_180_locker.png\"\/><\/p>\n<p>Abonnez-vous pour continuer la lecture <\/p>\n<p>\u00e0 partir de 40 dh par mois<\/p>\n<p style=\"font-size: 15px;margin: 0;padding: 0;line-height: 25px;\">(factur\u00e9 annuellement)<\/p>\n<p>\t        <a class=\"inscription-btn-single-post\" href=\"https:\/\/ledesk.ma\/abonnements\/\" rel=\"nofollow noopener\" target=\"_blank\">Choisir une offre<\/a><\/p>\n<p>\t\t            Le Desk a \u00e9t\u00e9 le premier \u00e0 r\u00e9v\u00e9ler<\/p>\n<p>\t\t\t\t        <img decoding=\"async\" src=\"https:\/\/ledesk.ma\/wp-content\/themes\/ledesk\/images\/arrow-left.svg\"\/><br \/>\n\t\t\t\t        <img decoding=\"async\" src=\"https:\/\/ledesk.ma\/wp-content\/themes\/ledesk\/images\/arrow-right.svg\"\/><\/p>\n<p style=\"margin-top:20px; font-style: italic; font-size:15px;\">\u00a9\ufe0f Copyright Pulse Media. Tous droits r\u00e9serv\u00e9s. <br \/>Reproduction et diffusions interdites (photocopies, intranet, web, messageries, newsletters, outils de veille) sans autorisation \u00e9crite.<\/p>\n","protected":false},"excerpt":{"rendered":"Face \u00e0 des hausses de frais de scolarit\u00e9 jug\u00e9es insoutenables, les associations de parents d&#8217;\u00e9l\u00e8ves UCPE et FCPE&hellip;\n","protected":false},"author":2,"featured_media":23394,"comment_status":"","ping_status":"","sticky":false,"template":"","format":"standard","meta":{"footnotes":""},"categories":[41],"tags":[1143,14406,14407,658,158,14408],"class_list":{"0":"post-24157","1":"post","2":"type-post","3":"status-publish","4":"format-standard","5":"has-post-thumbnail","7":"category-maroc","8":"tag-education","9":"tag-enseignement-francais-au-maroc","10":"tag-fcpe-maroc","11":"tag-france","12":"tag-maroc","13":"tag-ucpe"},"share_on_mastodon":{"url":"","error":""},"_links":{"self":[{"href":"https:\/\/www.europesays.com\/africa\/wp-json\/wp\/v2\/posts\/24157","targetHints":{"allow":["GET"]}}],"collection":[{"href":"https:\/\/www.europesays.com\/africa\/wp-json\/wp\/v2\/posts"}],"about":[{"href":"https:\/\/www.europesays.com\/africa\/wp-json\/wp\/v2\/types\/post"}],"author":[{"embeddable":true,"href":"https:\/\/www.europesays.com\/africa\/wp-json\/wp\/v2\/users\/2"}],"replies":[{"embeddable":true,"href":"https:\/\/www.europesays.com\/africa\/wp-json\/wp\/v2\/comments?post=24157"}],"version-history":[{"count":0,"href":"https:\/\/www.europesays.com\/africa\/wp-json\/wp\/v2\/posts\/24157\/revisions"}],"wp:featuredmedia":[{"embeddable":true,"href":"https:\/\/www.europesays.com\/africa\/wp-json\/wp\/v2\/media\/23394"}],"wp:attachment":[{"href":"https:\/\/www.europesays.com\/africa\/wp-json\/wp\/v2\/media?parent=24157"}],"wp:term":[{"taxonomy":"category","embeddable":true,"href":"https:\/\/www.europesays.com\/africa\/wp-json\/wp\/v2\/categories?post=24157"},{"taxonomy":"post_tag","embeddable":true,"href":"https:\/\/www.europesays.com\/africa\/wp-json\/wp\/v2\/tags?post=24157"}],"curies":[{"name":"wp","href":"https:\/\/api.w.org\/{rel}","templated":true}]}}