{"id":24173,"date":"2026-01-15T03:36:25","date_gmt":"2026-01-15T03:36:25","guid":{"rendered":"https:\/\/www.europesays.com\/africa\/24173\/"},"modified":"2026-01-15T03:36:25","modified_gmt":"2026-01-15T03:36:25","slug":"20-joueurs-sous-la-menace-dune-suspension-avant-la-finale","status":"publish","type":"post","link":"https:\/\/www.europesays.com\/africa\/24173\/","title":{"rendered":"20 joueurs sous la menace d&#8217;une suspension avant la finale"},"content":{"rendered":"<p>Avant les demi-finales de la Coupe d&#8217;Afrique des nations 2025 ce mercredi, 20 joueurs sont sous la menace d&#8217;une suspension pour la finale en cas de nouveau carton jaune.<\/p>\n<p>Une sp\u00e9cificit\u00e9 de la <a href=\"https:\/\/rmcsport.bfmtv.com\/football\/video-can-2025-des-demies-pleines-de-ballons-d-or-daily-maroc-14-01_VN-202601140218.html\" title=\"CAN 2025 : Des demies pleines de Ballons d&#039;Or ! (Daily Maroc 14\/01)\" class=\"internal_link\" rel=\"nofollow noopener\" target=\"_blank\">Coupe d&#8217;Afrique des nations<\/a>. Contrairement \u00e0 la Coupe du monde et \u00e0 la Ligue des champions par exemple, la CAN ne remet pas \u00e0 z\u00e9ro les cartons jaunes apr\u00e8s les quarts de finale. Par cons\u00e9quent, 20 joueurs sont sous la menace d&#8217;une suspension avant la finale qui se tiendra pour rappel ce dimanche 18\u00a0janvier au\u00a0Stade Prince Moulay Abdellah de Rabat (Maroc).<\/p>\n<p>7 joueurs du S\u00e9n\u00e9gal, 3 pour le Maroc<\/p>\n<p>Ce mercredi, le S\u00e9n\u00e9gal et l&#8217;\u00c9gypte se joueront une place en finale (18h), tout comme le <a href=\"https:\/\/rmcsport.bfmtv.com\/football\/coupe-d-afrique-des-nations\/nigeria-maroc-a-quelle-heure-et-sur-quelle-chaine-suivre-la-deuxieme-demi-finale-de-la-can-2025_AV-202601140295.html\" title=\"Nig\u00e9ria-Maroc: \u00e0 quelle heure et sur quelle cha\u00eene suivre la deuxi\u00e8me demi-finale de la CAN 2025?\" class=\"internal_link\" rel=\"nofollow noopener\" target=\"_blank\">Maroc<\/a> et le Nigeria (21h). Du c\u00f4t\u00e9 des Lions de la Teranga, 7 joueurs pourraient \u00eatre priv\u00e9s de finale en cas de carton jaune lors de la demi-fnale. Cela concerne notamment Kalidou Koulibaly, Pape Gueye, Habib Diarra et Habib Diallo. Les Pharaons ont eux 6 joueurs sous la menace dont leur gardien Mohamed El Shenawy, Rami Rabia, Marwan Attia et Hossam Abdelmaguid.<\/p>\n<p>Pays h\u00f4te de la comp\u00e9tition, le <a href=\"https:\/\/rmcsport.bfmtv.com\/football\/coupe-d-afrique-des-nations\/nigeria-maroc-a-quelle-heure-et-sur-quelle-chaine-suivre-la-deuxieme-demi-finale-de-la-can-2025_AV-202601140295.html\" title=\"Nig\u00e9ria-Maroc: \u00e0 quelle heure et sur quelle cha\u00eene suivre la deuxi\u00e8me demi-finale de la CAN 2025?\" class=\"internal_link\" rel=\"nofollow noopener\" target=\"_blank\">Maroc<\/a> a 3 joueurs qui ne devront pas prendre de carton jaune. Bilal El Khannouss, Soufiane Rahimi et Ismael Saibari devront composer avec cet \u00e9l\u00e9ment. Du c\u00f4t\u00e9 des Super Eagles, cette situation touche le gardien Stanley Nwabali mais aussi Calvin Bassey, Moses Simon et Frank Onyeka.<\/p>\n<p>Les 20 joueurs concern\u00e9s :<\/p>\n<p>Nigeria\u00a0: Stanley Nwabali, Calvin Bassey, Moses Simon et Frank Onyeka.<\/p>\n<p>Maroc\u00a0: Bilal El Khannouss, Soufiane Rahimi et Ismael Saibari<\/p>\n<p>S\u00e9n\u00e9gal\u00a0: Kalidou Koulibaly, Ismail Jakobs, Pape Gueye, Habib Diarra, Habib Diallo, Nicolas Jackson et Ibrahim Mbaye.<\/p>\n<p>\u00c9gypte\u00a0: Mohamed El Shenawy, Ahmed Fatouh, Rami Rabia, Marwan Attia, Hamdi Fathi et Hossam Abdelmaguid.<\/p>\n","protected":false},"excerpt":{"rendered":"Avant les demi-finales de la Coupe d&#8217;Afrique des nations 2025 ce mercredi, 20 joueurs sont sous la menace&hellip;\n","protected":false},"author":2,"featured_media":24174,"comment_status":"","ping_status":"","sticky":false,"template":"","format":"standard","meta":{"footnotes":""},"categories":[62],"tags":[64],"class_list":{"0":"post-24173","1":"post","2":"type-post","3":"status-publish","4":"format-standard","5":"has-post-thumbnail","7":"category-afrique","8":"tag-afrique"},"share_on_mastodon":{"url":"","error":""},"_links":{"self":[{"href":"https:\/\/www.europesays.com\/africa\/wp-json\/wp\/v2\/posts\/24173","targetHints":{"allow":["GET"]}}],"collection":[{"href":"https:\/\/www.europesays.com\/africa\/wp-json\/wp\/v2\/posts"}],"about":[{"href":"https:\/\/www.europesays.com\/africa\/wp-json\/wp\/v2\/types\/post"}],"author":[{"embeddable":true,"href":"https:\/\/www.europesays.com\/africa\/wp-json\/wp\/v2\/users\/2"}],"replies":[{"embeddable":true,"href":"https:\/\/www.europesays.com\/africa\/wp-json\/wp\/v2\/comments?post=24173"}],"version-history":[{"count":0,"href":"https:\/\/www.europesays.com\/africa\/wp-json\/wp\/v2\/posts\/24173\/revisions"}],"wp:featuredmedia":[{"embeddable":true,"href":"https:\/\/www.europesays.com\/africa\/wp-json\/wp\/v2\/media\/24174"}],"wp:attachment":[{"href":"https:\/\/www.europesays.com\/africa\/wp-json\/wp\/v2\/media?parent=24173"}],"wp:term":[{"taxonomy":"category","embeddable":true,"href":"https:\/\/www.europesays.com\/africa\/wp-json\/wp\/v2\/categories?post=24173"},{"taxonomy":"post_tag","embeddable":true,"href":"https:\/\/www.europesays.com\/africa\/wp-json\/wp\/v2\/tags?post=24173"}],"curies":[{"name":"wp","href":"https:\/\/api.w.org\/{rel}","templated":true}]}}