{"id":24233,"date":"2026-01-15T04:24:09","date_gmt":"2026-01-15T04:24:09","guid":{"rendered":"https:\/\/www.europesays.com\/africa\/24233\/"},"modified":"2026-01-15T04:24:09","modified_gmt":"2026-01-15T04:24:09","slug":"collectivites-locales-le-recrutement-se-fait-de-plus-en-plus-rare","status":"publish","type":"post","link":"https:\/\/www.europesays.com\/africa\/24233\/","title":{"rendered":"Collectivit\u00e9s locales: le recrutement se fait de plus en plus rare"},"content":{"rendered":"<p class=\"default__StyledText-sc-10mj2vp-0 CxBBS body-paragraph\">Le pr\u00e9sident de l\u2019Association nationale des fonctionnaires des collectivit\u00e9s territoriales au Maroc, Hassan Belboudali, estime que \u00abla n\u00e9cessit\u00e9 d\u2019asseoir une r\u00e9elle justice salariale et l\u2019am\u00e9lioration du cadre professionnel et administratif des fonctionnaires constituent les deux principaux piliers de la r\u00e9forme de la fonction publique communale\u00bb.<\/p>\n<p class=\"default__StyledText-sc-10mj2vp-0 CxBBS body-paragraph\">Dans une d\u00e9claration au quotidien Assabah dans son \u00e9dition du jeudi 15 janvier, Belboudali souligne que \u00abla probl\u00e9matique du remplacement de milliers de cadres et de fonctionnaires communaux atteignant la limite d\u2019\u00e2ge ne sera facilement envisageable et r\u00e9alisable qu\u2019\u00e0 travers une r\u00e9forme du statut, avec des pr\u00e9cisions relatives aux missions et aux fonctions, en plus de motivation et de stabilit\u00e9 professionnelle\u00bb.<\/p>\n<p class=\"default__StyledText-sc-10mj2vp-0 CxBBS body-paragraph\">Dans ce sillage, il a fait remarquer que \u00ables laur\u00e9ats des universit\u00e9s, des instituts sup\u00e9rieurs et des grandes \u00e9coles \u00e9vitent le travail au sein des collectivit\u00e9s territoriales \u00e0 cause de ces conditions et pr\u00e9f\u00e8rent la fonction publique, qui leur permet de d\u00e9velopper leur parcours professionnel et d\u2019am\u00e9liorer leur situation sociale\u00bb.<\/p>\n<p class=\"default__StyledText-sc-10mj2vp-0 CxBBS body-paragraph\">Pour que la fonction publique communale puisse attirer des cadres et des comp\u00e9tences, le pr\u00e9sident de l\u2019Association nationale des fonctionnaires des collectivit\u00e9s territoriales au Maroc estime que cela reste tributaire de l\u2019am\u00e9lioration du syst\u00e8me de motivation financi\u00e8re, administrative et professionnelle.<\/p>\n<p class=\"default__StyledText-sc-10mj2vp-0 CxBBS body-paragraph\">Cette sortie du pr\u00e9sident de l\u2019Association nationale des fonctionnaires des collectivit\u00e9s territoriales au Maroc est intervenue apr\u00e8s la d\u00e9claration du ministre de l\u2019Int\u00e9rieur, Abdelouafi Laftit, faisant savoir que pas moins de \u00ab28 000 fonctionnaires des collectivit\u00e9s territoriales partiront \u00e0 la retraite dans les cinq prochaines ann\u00e9es\u00bb. Il a \u00e9galement soulign\u00e9 que, pour assurer la continuit\u00e9 des services et garantir leur qualit\u00e9, au moins 15 000 fonctionnaires partants seront remplac\u00e9s dans les cinq prochaines ann\u00e9es.<\/p>\n<p class=\"default__StyledText-sc-10mj2vp-0 CxBBS body-paragraph\">En ce qui concerne le statut particulier des employ\u00e9s des collectivit\u00e9s territoriales, rappelle le quotidien, \u00abe ministre de tutelle a indiqu\u00e9 qu\u2019apr\u00e8s une s\u00e9rie de rencontres avec les partenaires sociaux \u00e0 propos de leurs revendications, une approche participative sera de mise pour l\u2019\u00e9laboration de la r\u00e9glementation relative au personnel communal\u00bb.<\/p>\n<p>Par La R\u00e9daction <\/p>\n<p>Le 14\/01\/2026 \u00e0 19h28<\/p>\n","protected":false},"excerpt":{"rendered":"Le pr\u00e9sident de l\u2019Association nationale des fonctionnaires des collectivit\u00e9s territoriales au Maroc, Hassan Belboudali, estime que \u00abla n\u00e9cessit\u00e9&hellip;\n","protected":false},"author":2,"featured_media":24234,"comment_status":"","ping_status":"","sticky":false,"template":"","format":"standard","meta":{"footnotes":""},"categories":[41],"tags":[1659,158],"class_list":{"0":"post-24233","1":"post","2":"type-post","3":"status-publish","4":"format-standard","5":"has-post-thumbnail","7":"category-maroc","8":"tag-horizontal","9":"tag-maroc"},"share_on_mastodon":{"url":"","error":""},"_links":{"self":[{"href":"https:\/\/www.europesays.com\/africa\/wp-json\/wp\/v2\/posts\/24233","targetHints":{"allow":["GET"]}}],"collection":[{"href":"https:\/\/www.europesays.com\/africa\/wp-json\/wp\/v2\/posts"}],"about":[{"href":"https:\/\/www.europesays.com\/africa\/wp-json\/wp\/v2\/types\/post"}],"author":[{"embeddable":true,"href":"https:\/\/www.europesays.com\/africa\/wp-json\/wp\/v2\/users\/2"}],"replies":[{"embeddable":true,"href":"https:\/\/www.europesays.com\/africa\/wp-json\/wp\/v2\/comments?post=24233"}],"version-history":[{"count":0,"href":"https:\/\/www.europesays.com\/africa\/wp-json\/wp\/v2\/posts\/24233\/revisions"}],"wp:featuredmedia":[{"embeddable":true,"href":"https:\/\/www.europesays.com\/africa\/wp-json\/wp\/v2\/media\/24234"}],"wp:attachment":[{"href":"https:\/\/www.europesays.com\/africa\/wp-json\/wp\/v2\/media?parent=24233"}],"wp:term":[{"taxonomy":"category","embeddable":true,"href":"https:\/\/www.europesays.com\/africa\/wp-json\/wp\/v2\/categories?post=24233"},{"taxonomy":"post_tag","embeddable":true,"href":"https:\/\/www.europesays.com\/africa\/wp-json\/wp\/v2\/tags?post=24233"}],"curies":[{"name":"wp","href":"https:\/\/api.w.org\/{rel}","templated":true}]}}