{"id":24253,"date":"2026-01-15T04:39:07","date_gmt":"2026-01-15T04:39:07","guid":{"rendered":"https:\/\/www.europesays.com\/africa\/24253\/"},"modified":"2026-01-15T04:39:07","modified_gmt":"2026-01-15T04:39:07","slug":"cest-la-premiere-fois-que-je-pleure-malgre-linterdiction-des-milliers-de-supporters-du-maroc-sur-les-champs-elysees","status":"publish","type":"post","link":"https:\/\/www.europesays.com\/africa\/24253\/","title":{"rendered":"\u00ab\u00a0C\u2019est la premi\u00e8re fois que je pleure\u00a0!\u00a0\u00bb\u00a0: malgr\u00e9 l\u2019interdiction, des milliers de supporters du Maroc sur les Champs-\u00c9lys\u00e9es"},"content":{"rendered":"<p class=\"paragraph text_align_left lp-f-body-02\">Au beau milieu des Champs-\u00c9lys\u00e9es, Hicham, 22 ans, appelle, avec son smartphone en mode vid\u00e9o, son cousin Sofiane \u00e0 Rabat. Il tient \u00e0 lui montrer, en direct de Paris, qu\u2019en France aussi, la communaut\u00e9 marocaine c\u00e9l\u00e8bre, comme il se doit, la qualification d\u2019Hakimi et ses amis en <a href=\"https:\/\/www.leparisien.fr\/sports\/football\/coupe-d-afrique-des-nations\/ce-public-merite-de-revoir-une-finale-achraf-hakimi-et-les-marocains-sont-aux-anges-apres-leur-qualification-15-01-2026-EUTD2JKSSZCWNBMCG2OP3CFO6M.php\" target=\"_self\" rel=\"nofollow noopener\">finale de la CAN<\/a>. Le gar\u00e7on de Saint-Denis (Seine-Saint-Denis) a v\u00e9cu une soir\u00e9e de folie, comme dans des montagnes russes. Durant le match \u00ab tr\u00e8s stressant \u00bb contre le S\u00e9n\u00e9gal, il a d\u2019abord d\u00fb \u00ab avaler deux Doliprane \u00bb. Mais au coup de sifflet final, il a vers\u00e9 des larmes de\u2026 bonheur. \u00ab C\u2019est la premi\u00e8re fois que je pleure ! \u00bb, sourit-il.<\/p>\n<p class=\"\">Comme lui, ils sont plusieurs milliers de supporters des Lions de l\u2019Atlas, pour la tr\u00e8s grande majorit\u00e9 Franco-Marocains \u00e0 se retrouver sur la plus belle avenue du monde mercredi quelques minutes avant minuit. Seulement voil\u00e0, comme lors des quarts de finale, un arr\u00eat\u00e9 de la pr\u00e9fecture de police de Paris interdit, pour ces demi-finales, les \u00ab regroupements de personnes se pr\u00e9valant de la qualit\u00e9 de supporter \u00bb.<\/p>\n<p><img decoding=\"async\" class=\"image \" loading=\"lazy\" src=\"https:\/\/www.europesays.com\/africa\/wp-content\/uploads\/2026\/01\/S3C2ZDKCONHFVAKD52BQTFBGII.jpg\" alt=\"L'intense joie des supporters marocains apr\u00e8s la victoire de leur \u00e9quipe en demi-finales. LP \/ Olivier Corsan\" align=\"\" data-rubrique-principale=\"\" data-article-type=\"\" fetchpriority=\"auto\"\/>L&#8217;intense joie des supporters marocains apr\u00e8s la victoire de leur \u00e9quipe en demi-finales. LP \/ Olivier Corsan <\/p>\n<p class=\"\">Tous ont brav\u00e9, souvent sans le savoir, cette obligation, faisant face \u00e0 un important dispositif de s\u00e9curit\u00e9 compos\u00e9, notamment, de gendarmes mobiles et des motards de la Brav-M. \u00ab C\u2019est ferm\u00e9, demi-tour ! \u00bb, ordonne un policier \u00e0 proximit\u00e9 de l\u2019Arc de Triomphe. Pour disperser les troupes, les forces de l\u2019ordre ont, \u00e0 plusieurs reprises, fait usage de gaz lacrymog\u00e8ne et de leur matraque. Cela a provoqu\u00e9 quelques mouvements de foule. \u00ab Ils veulent me faire courir en talons, wesh ! \u00bb, s\u2019\u00e9nerve une jeune femme dans sa tenue de sortie des grands soirs.<\/p>\n<p>Pas de gros d\u00e9bordements<\/p>\n<p class=\"\">Malgr\u00e9 ces tensions, les gros d\u00e9bordements ont pu \u00eatre \u00e9vit\u00e9s. \u00c0 2h15 ce jeudi, l\u2019avenue redevenait calme mais la place de l\u2019\u00c9toile \u00e9tait, elle, encore confront\u00e9e \u00e0 de gros embouteillages nocturnes.<\/p>\n<p><img decoding=\"async\" class=\"image \" loading=\"lazy\" src=\"https:\/\/www.europesays.com\/africa\/wp-content\/uploads\/2026\/01\/XMTX7BPJJFBKBEASJIWPB7UIXI.jpg\" alt=\"Quelques mouvements de foule mais pas de gros d\u00e9bordements dans le quartier des Champs-Elys\u00e9es apr\u00e8s la victoire du Maroc. LP \/ Olivier Corsan\" align=\"\" data-rubrique-principale=\"\" data-article-type=\"\" fetchpriority=\"auto\"\/>Quelques mouvements de foule mais pas de gros d\u00e9bordements dans le quartier des Champs-Elys\u00e9es apr\u00e8s la victoire du Maroc. LP \/ Olivier Corsan <\/p>\n<p class=\"\">Les premiers klaxons d\u2019automobilistes et de motocyclistes ont r\u00e9sonn\u00e9 deux bonnes heures plus t\u00f4t, pendant que les pi\u00e9tons encha\u00eenaient les \u00ab Dima Maghreb \u00bb, \u00ab Allez le Maroc ! \u00bb en arabe. Les supportrices, elles, se lan\u00e7aient dans un concert de youyous.<\/p>\n<p class=\"\">Walid, 26 ans, est aux anges. \u00ab J\u2019\u00e9tais \u00e0 la limite de la crise cardiaque pendant les tirs au but, mais notre gardien Bounou nous a encore sauv\u00e9s \u00bb, remercie ce Strasbourgeois. \u00ab Ah oui, c\u2019\u00e9tait chaud. La CAN, ce n\u2019est pas trop notre comp\u00e9tition d\u2019habitude. Mais bon, l\u00e0, on a montr\u00e9 que le Maroc est une grande nation du football \u00bb, s\u2019enthousiasme Marwan, \u00e9tudiant de 20 ans, venu, en voisin, du XVIIe arrondissement.<\/p>\n<p class=\"\">Rachid, 22 ans, agent a\u00e9roportuaire de Nanterre (Hauts-de-Seine) tente, dans l\u2019air frais, de se remettre de ses \u00e9motions. \u00ab J\u2019ai failli faire un malaise puis j\u2019ai pleur\u00e9 quand on a gagn\u00e9 \u00bb, savoure-t-il. Son voisin, lui, planque son drapeau rouge frapp\u00e9 d\u2019une \u00e9toile verte \u00ab pour ne pas avoir une amende de 135 euros \u00bb.<\/p>\n<p>\u00ab On n\u2019est pas des casseurs \u00bb<\/p>\n<p class=\"\">Il regrette que ce d\u00e9fil\u00e9 ne soit pas autoris\u00e9. \u00ab C\u2019est inadmissible, on vient juste faire la f\u00eate, c\u00e9l\u00e9brer une victoire, on n\u2019est pas des casseurs \u00bb, r\u00e9p\u00e8te-t-il. \u00ab Paris, c\u2019est une ville de rassemblement, c\u2019est dommage d\u2019en arriver l\u00e0 \u00bb, juge Yassine, 23 ans, alternant dans le commerce international. La derni\u00e8re fois que ce Franco-Marocain, qui a des racines \u00e0 Oujda, a vu ses Lions se qualifier pour une telle finale, il avait \u00e0 peine plus d\u2019un an ! \u00ab Cela fait 22 ans que j\u2019attends \u00e7a \u00bb, souffle ce jeune de Fresnes (Val-de-Marne).<\/p>\n<p class=\"title-embed-dailymotion lp-color-text lp-f-subtitle-04\">Vid\u00e9oLe Maroc brise la mal\u00e9diction des demi-finales et tout un pays se met \u00e0 r\u00eaver de la CAN : \u00ab On veut aller jusqu\u2019au bout \u00bb<\/p>\n<p class=\"\">Kayna, 19 ans, en BTS, \u00ab fait parler les origines du c\u0153ur \u00bb, sa double culture. \u00ab Je suis n\u00e9e en France, j\u2019ai grandi en France, je soutiens l\u2019\u00e9quipe de France mais aussi l\u2019\u00e9quipe du Maroc \u00bb, explique cette petite-fille de \u00ab Marocains du d\u00e9sert \u00bb.<\/p>\n<p class=\"\"><a href=\"https:\/\/www.leparisien.fr\/sports\/football\/coupe-d-afrique-des-nations\/senegal-maroc-quand-aura-lieu-la-finale-de-la-can-2025-14-01-2026-UWT6TKNTWJBK5FH6YWPYJ2T2LY.php\" target=\"_self\" rel=\"nofollow noopener\">La finale<\/a> contre le S\u00e9n\u00e9gal dimanche fait l\u2019unanimit\u00e9. \u00ab Les Lions de l\u2019Atlas contre les Lions de la Teranga, \u00e7a va \u00eatre la savane sur le terrain \u00bb, pronostique un jeune homme, le maillot floqu\u00e9 Brahim Diaz et son num\u00e9ro 10. Les supporters des <a href=\"https:\/\/www.leparisien.fr\/sports\/football\/coupe-d-afrique-des-nations\/can-2025-pourquoi-comme-kalidou-koulibaly-autant-de-joueurs-risquent-detre-suspendus-pour-la-finale-14-01-2026-6743BLD3JRCZPOMQMSNZ2HD7UI.php\" target=\"_self\" rel=\"nofollow noopener\">deux pays<\/a> fraternisent d\u00e9j\u00e0 sur les Champs-\u00c9lys\u00e9es. \u00ab Le Maroc, c\u2019est la famille. Dans tous les cas, c\u2019est l\u2019Afrique qui gagne \u00bb, positive Oumy, 24 ans, coiffeuse Italo-S\u00e9n\u00e9galaise. \u00ab On est tous fr\u00e8res m\u00eame si dimanche, les Marocains vont \u00eatre nos ennemis \u00bb, se marre Youssouf, Franco-S\u00e9n\u00e9galais de 23 ans.<\/p>\n<p>\u00ab On rentre au Maroc pour la finale, peu importe le prix \u00bb<\/p>\n<p class=\"\">Assis sur son scooter, un bolide de 500 cm3, Amine, Parisien du XIXe, se met \u00e0 r\u00eaver. \u00ab Cette CAN, on n\u2019est pas loin de la gagner, la derni\u00e8re victoire remonte \u00e0 1976 \u00bb, rappelle ce jardinier de 33 ans v\u00eatu du maillot rouge \u00e0 la gloire d\u2019Achraf Hakimi. \u00ab Mon p\u00e8re \u00e9tait au stade \u00e0 Rabat, il m\u2019a dit que l\u2019ambiance \u00e9tait incroyable \u00bb, poursuit-il.<\/p>\n<p class=\"\">Dans la foule, on croise aussi des supporters de l\u2019Alg\u00e9rie, qui, malgr\u00e9 l\u2019\u00e9limination au tour pr\u00e9c\u00e9dent, prennent toujours plaisir \u00e0 parader et \u00e0 scander des \u00ab One two three viva l\u2019Alg\u00e9rie \u00bb. On rencontre aussi Ines, Malak et Sanaa, trois Marocaines de Casablanca et Rabat qui font leurs \u00e9tudes de commerce \u00e0 Paris<\/p>\n<p class=\"\">Vivre la demi-finale loin de leur fief a \u00e9t\u00e9 \u00ab tr\u00e8s frustrant \u00bb. \u00ab Alors ce week-end, on rentre au Maroc pour la finale. On va trouver des places, peu importe le prix \u00bb, s\u2019engage Ines. Elle est convaincue de ne pas faire le d\u00e9placement pour rien. \u00ab La coupe, elle reste \u00e0 la maison, on ne va pas l\u00e2cher l\u2019affaire\u2026 \u00bb<\/p>\n","protected":false},"excerpt":{"rendered":"Au beau milieu des Champs-\u00c9lys\u00e9es, Hicham, 22 ans, appelle, avec son smartphone en mode vid\u00e9o, son cousin Sofiane&hellip;\n","protected":false},"author":2,"featured_media":24254,"comment_status":"","ping_status":"","sticky":false,"template":"","format":"standard","meta":{"footnotes":""},"categories":[41],"tags":[158,264],"class_list":{"0":"post-24253","1":"post","2":"type-post","3":"status-publish","4":"format-standard","5":"has-post-thumbnail","7":"category-maroc","8":"tag-maroc","9":"tag-sports"},"share_on_mastodon":{"url":"","error":""},"_links":{"self":[{"href":"https:\/\/www.europesays.com\/africa\/wp-json\/wp\/v2\/posts\/24253","targetHints":{"allow":["GET"]}}],"collection":[{"href":"https:\/\/www.europesays.com\/africa\/wp-json\/wp\/v2\/posts"}],"about":[{"href":"https:\/\/www.europesays.com\/africa\/wp-json\/wp\/v2\/types\/post"}],"author":[{"embeddable":true,"href":"https:\/\/www.europesays.com\/africa\/wp-json\/wp\/v2\/users\/2"}],"replies":[{"embeddable":true,"href":"https:\/\/www.europesays.com\/africa\/wp-json\/wp\/v2\/comments?post=24253"}],"version-history":[{"count":0,"href":"https:\/\/www.europesays.com\/africa\/wp-json\/wp\/v2\/posts\/24253\/revisions"}],"wp:featuredmedia":[{"embeddable":true,"href":"https:\/\/www.europesays.com\/africa\/wp-json\/wp\/v2\/media\/24254"}],"wp:attachment":[{"href":"https:\/\/www.europesays.com\/africa\/wp-json\/wp\/v2\/media?parent=24253"}],"wp:term":[{"taxonomy":"category","embeddable":true,"href":"https:\/\/www.europesays.com\/africa\/wp-json\/wp\/v2\/categories?post=24253"},{"taxonomy":"post_tag","embeddable":true,"href":"https:\/\/www.europesays.com\/africa\/wp-json\/wp\/v2\/tags?post=24253"}],"curies":[{"name":"wp","href":"https:\/\/api.w.org\/{rel}","templated":true}]}}