{"id":24271,"date":"2026-01-15T04:53:10","date_gmt":"2026-01-15T04:53:10","guid":{"rendered":"https:\/\/www.europesays.com\/africa\/24271\/"},"modified":"2026-01-15T04:53:10","modified_gmt":"2026-01-15T04:53:10","slug":"justice-un-francais-dorigine-algerienne-en-prison-a-marrakech-pour-incitation-a-la-haine","status":"publish","type":"post","link":"https:\/\/www.europesays.com\/africa\/24271\/","title":{"rendered":"Justice. Un Fran\u00e7ais d\u2019origine alg\u00e9rienne en prison \u00e0 Marrakech pour incitation \u00e0 la haine\u00a0"},"content":{"rendered":"<p> Le parquet de la ville de Marrakech a ordonn\u00e9, mardi, le placement en d\u00e9tention \u00e0 la prison de l\u2019Oudaya de M.R., de nationalit\u00e9 fran\u00e7aise et d\u2019origine alg\u00e9rienne, pour des faits d\u2019incitation \u00e0 la haine \u00e0 l\u2019occasion de manifestations sportives, ainsi que pour diffamation et injures par cris et prof\u00e9ration de propos contraires aux bonnes m\u0153urs et \u00e0 la morale publique \u00e0 l\u2019encontre d\u2019un groupe de personnes.<\/p>\n<p>Cette d\u00e9cision fait suite \u00e0 l\u2019interpellation de l\u2019int\u00e9ress\u00e9 dans le cadre de la r\u00e9action rapide des services de s\u00e9curit\u00e9 \u00e0 la diffusion d\u2019une vid\u00e9o sur plusieurs r\u00e9seaux sociaux et sites d\u2019information \u00e9lectroniques, documentant le moment o\u00f9 il proc\u00e9dait \u00e0 la d\u00e9chirure de billets de banque nationaux. <\/p>\n","protected":false},"excerpt":{"rendered":"Le parquet de la ville de Marrakech a ordonn\u00e9, mardi, le placement en d\u00e9tention \u00e0 la prison de&hellip;\n","protected":false},"author":2,"featured_media":24272,"comment_status":"","ping_status":"","sticky":false,"template":"","format":"standard","meta":{"footnotes":""},"categories":[41],"tags":[1518,14807,14806,4629,14805,5368,14808,2861,1862,158,1743,1821,9692,749],"class_list":{"0":"post-24271","1":"post","2":"type-post","3":"status-publish","4":"format-standard","5":"has-post-thumbnail","7":"category-maroc","8":"tag-a","9":"tag-algerienne","10":"tag-dorigine","11":"tag-en","12":"tag-francais","13":"tag-haine","14":"tag-incitation","15":"tag-justice","16":"tag-la","17":"tag-maroc","18":"tag-marrakech","19":"tag-pour","20":"tag-prison","21":"tag-un"},"share_on_mastodon":{"url":"","error":""},"_links":{"self":[{"href":"https:\/\/www.europesays.com\/africa\/wp-json\/wp\/v2\/posts\/24271","targetHints":{"allow":["GET"]}}],"collection":[{"href":"https:\/\/www.europesays.com\/africa\/wp-json\/wp\/v2\/posts"}],"about":[{"href":"https:\/\/www.europesays.com\/africa\/wp-json\/wp\/v2\/types\/post"}],"author":[{"embeddable":true,"href":"https:\/\/www.europesays.com\/africa\/wp-json\/wp\/v2\/users\/2"}],"replies":[{"embeddable":true,"href":"https:\/\/www.europesays.com\/africa\/wp-json\/wp\/v2\/comments?post=24271"}],"version-history":[{"count":0,"href":"https:\/\/www.europesays.com\/africa\/wp-json\/wp\/v2\/posts\/24271\/revisions"}],"wp:featuredmedia":[{"embeddable":true,"href":"https:\/\/www.europesays.com\/africa\/wp-json\/wp\/v2\/media\/24272"}],"wp:attachment":[{"href":"https:\/\/www.europesays.com\/africa\/wp-json\/wp\/v2\/media?parent=24271"}],"wp:term":[{"taxonomy":"category","embeddable":true,"href":"https:\/\/www.europesays.com\/africa\/wp-json\/wp\/v2\/categories?post=24271"},{"taxonomy":"post_tag","embeddable":true,"href":"https:\/\/www.europesays.com\/africa\/wp-json\/wp\/v2\/tags?post=24271"}],"curies":[{"name":"wp","href":"https:\/\/api.w.org\/{rel}","templated":true}]}}