{"id":24323,"date":"2026-01-15T05:32:14","date_gmt":"2026-01-15T05:32:14","guid":{"rendered":"https:\/\/www.europesays.com\/africa\/24323\/"},"modified":"2026-01-15T05:32:14","modified_gmt":"2026-01-15T05:32:14","slug":"drapeaux-marocains-et-nigerians-cote-a-cote-la-coupe-dafrique-des-nations-vecue-avec-amitie-dans-ce-restaurant-de-poitiers","status":"publish","type":"post","link":"https:\/\/www.europesays.com\/africa\/24323\/","title":{"rendered":"Drapeaux marocains et nig\u00e9rians c\u00f4te \u00e0 c\u00f4te, la Coupe d\u2019Afrique des nations v\u00e9cue avec amiti\u00e9 dans ce restaurant de Poitiers"},"content":{"rendered":"<p>Que ce soit aux Couronneries ou \u00e0 Rabat, c\u2019est la m\u00eame heure en hiver. Il est donc 20\u00a0h\u00a045, mercredi 14\u00a0janvier 2026, lorsque les premiers clients arrivent dans le restaurant marocain Chez Souad, place de Provence \u00e0 Poitiers. C\u2019est soir de match. Alors forc\u00e9ment, la t\u00e9l\u00e9vision est d\u2019ores et d\u00e9j\u00e0 branch\u00e9e sur la cha\u00eene beIN Sports pour la demi-finale de Coupe d\u2019Afrique des nations (CAN) opposant le Maroc au Nigeria. \u00c0 Poitiers, et comme dans de nombreuses villes en France, la rencontre sera extr\u00eamement suivie par la diaspora marocaine. Et pour cause, <a target=\"_self\" href=\"https:\/\/www.lanouvellerepublique.fr\/sports\/mais-au-maroc-c-est-different-gagner-la-can-seule-option-pour-walid-regragui-1768324646\" rel=\"nofollow noopener\">la comp\u00e9tition continentale se joue au Maroc<\/a>, une premi\u00e8re depuis 1988. Et le pays des Lions de l\u2019Atlas est en lice pour empocher une premi\u00e8re finale depuis 2004\u00a0!<\/p>\n<p>\u00ab\u00a0Nous sommes originaires d\u2019une ville \u00e0 19 kilom\u00e8tres du stade\u00a0\u00bb<\/p>\n<p>Voil\u00e0 pour l\u2019enjeu. Ils sont donc forc\u00e9ment quelques-uns \u00e0 s\u2019\u00eatre donn\u00e9s rendez-vous <a target=\"_self\" href=\"https:\/\/www.lanouvellerepublique.fr\/poitiers\/poitiers-la-rupture-du-jeune-musulman-c-est-aussi-au-restaurant\" rel=\"nofollow noopener\">Chez Souad<\/a>, aux Couronneries. Ici, les traditionnels drapeaux fran\u00e7ais et marocains du fond de salle ont \u00e9t\u00e9 rejoints par celui du Nigeria. Fair-play. Mais c\u2019\u00e9tait sans compter sur les efforts d\u00e9coratifs mis en place autour des vitrines r\u00e9frig\u00e9r\u00e9es qui h\u00e9bergent les agrumes et autres g\u00e2teaux. Une immense peluche de lion a \u00e9t\u00e9 pos\u00e9e dans l\u2019apr\u00e8s-midi. Subtile r\u00e9f\u00e9rence au surnom des footballeurs marocains&#8230;. <\/p>\n<p>    Cet article a \u00e9t\u00e9 tronqu\u00e9. Abonnez-vous pour lire l&#8217;article complet sur notre site.<\/p>\n<p style=\"margin: 0 !important; padding: 0 !important; font-size: 12px !important;\">Cet article a \u00e9t\u00e9 tronqu\u00e9. Abonnez-vous pour lire l&#8217;article complet.<\/p>\n<p>    <a href=\"https:\/\/www.lanouvellerepublique.fr\/abonnements\" style=\"display: inline-block; margin-top: 5px !important; padding: 6px 12px !important; background: #cb1c27; color: white; text-decoration: none; border-radius: 4px; font-size: 12px !important;\" rel=\"nofollow noopener\" target=\"_blank\"><br \/>\n      S&#8217;abonner<br \/>\n    <\/a><\/p>\n","protected":false},"excerpt":{"rendered":"Que ce soit aux Couronneries ou \u00e0 Rabat, c\u2019est la m\u00eame heure en hiver. Il est donc 20\u00a0h\u00a045,&hellip;\n","protected":false},"author":2,"featured_media":24324,"comment_status":"","ping_status":"","sticky":false,"template":"","format":"standard","meta":{"footnotes":""},"categories":[62],"tags":[14863,64,3953,311,559,14862,8398,14861,14860],"class_list":{"0":"post-24323","1":"post","2":"type-post","3":"status-publish","4":"format-standard","5":"has-post-thumbnail","7":"category-afrique","8":"tag-a-la-une-local","9":"tag-afrique","10":"tag-commerce","11":"tag-football","12":"tag-loisirs","13":"tag-loisirs-sportifs","14":"tag-medias","15":"tag-poitiers","16":"tag-vienne"},"share_on_mastodon":{"url":"","error":""},"_links":{"self":[{"href":"https:\/\/www.europesays.com\/africa\/wp-json\/wp\/v2\/posts\/24323","targetHints":{"allow":["GET"]}}],"collection":[{"href":"https:\/\/www.europesays.com\/africa\/wp-json\/wp\/v2\/posts"}],"about":[{"href":"https:\/\/www.europesays.com\/africa\/wp-json\/wp\/v2\/types\/post"}],"author":[{"embeddable":true,"href":"https:\/\/www.europesays.com\/africa\/wp-json\/wp\/v2\/users\/2"}],"replies":[{"embeddable":true,"href":"https:\/\/www.europesays.com\/africa\/wp-json\/wp\/v2\/comments?post=24323"}],"version-history":[{"count":0,"href":"https:\/\/www.europesays.com\/africa\/wp-json\/wp\/v2\/posts\/24323\/revisions"}],"wp:featuredmedia":[{"embeddable":true,"href":"https:\/\/www.europesays.com\/africa\/wp-json\/wp\/v2\/media\/24324"}],"wp:attachment":[{"href":"https:\/\/www.europesays.com\/africa\/wp-json\/wp\/v2\/media?parent=24323"}],"wp:term":[{"taxonomy":"category","embeddable":true,"href":"https:\/\/www.europesays.com\/africa\/wp-json\/wp\/v2\/categories?post=24323"},{"taxonomy":"post_tag","embeddable":true,"href":"https:\/\/www.europesays.com\/africa\/wp-json\/wp\/v2\/tags?post=24323"}],"curies":[{"name":"wp","href":"https:\/\/api.w.org\/{rel}","templated":true}]}}