{"id":24327,"date":"2026-01-15T05:35:23","date_gmt":"2026-01-15T05:35:23","guid":{"rendered":"https:\/\/www.europesays.com\/africa\/24327\/"},"modified":"2026-01-15T05:35:23","modified_gmt":"2026-01-15T05:35:23","slug":"and-gueusseum-satsus-et-les-techniciens-superieurs-de-la-sante-organisent-une-marche-pacifique-ce-mercredi-14-janvier-a-thies","status":"publish","type":"post","link":"https:\/\/www.europesays.com\/africa\/24327\/","title":{"rendered":"And Gueusseum \/ Satsus et les techniciens sup\u00e9rieurs de la sant\u00e9 organisent une marche pacifique ce mercredi 14 janvier \u00e0 Thi\u00e8s"},"content":{"rendered":"<p>Le cadre de lutte des syndicats de la sant\u00e9 et des collectivit\u00e9s territoriales &#8220;And Gueusseum \/ Satsus, en collaboration avec le syndicat autonome des techniciens sup\u00e9rieurs de la sant\u00e9, compte organiser ce mercredi 14 janvier une marche pacifique dans la cit\u00e9 du rail (Thi\u00e8s).\u00a0<\/p>\n<p>\u00a0<\/p>\n<p>En effet, l&#8217;itin\u00e9raire qui a \u00e9t\u00e9 retenu est le suivant : Croix rouge, Auchan, Place de France, Gouvernance.<\/p>\n<p>\u00a0<\/p>\n<p>\u00c0 travers cette manifestation, les syndicats vont encore mettre en lumi\u00e8re leur plate-forme revendication qui a \u00e9t\u00e9 d\u00e9finie comme suit : &#8220;1. SOLLICITE : la signature sans d\u00e9lai du d\u00e9cret portant int\u00e9gration des Techniciens Sup\u00e9rieurs de Sant\u00e9 (TSS) dans la hi\u00e9rarchie A2 ; la signature des d\u00e9crets et arr\u00eat\u00e9s relatifs aux plans de carri\u00e8re des Aides sociaux, Assistants infirmiers, Infirmiers brevet\u00e9s, Pr\u00e9parateurs en pharmacie, Agents d\u2019hygi\u00e8ne, Maintenanciers, proth\u00e9sistes dentaires et autres corps assimil\u00e9s ; la d\u00e9livrance imm\u00e9diate des dipl\u00f4mes aux r\u00e9cipiendaires, ind\u00fbment retenus depuis plus de dix (10) ann\u00e9es par le Minist\u00e8re de la Sant\u00e9, en violation manifeste des droits des Travailleurs. La revalorisation des pensions de retraite et la prolongation optionnelle de l\u2019\u00e2ge de la retraite \u00e0 65 ans.<\/p>\n<p>\u00a02. EXIGE : le paiement sans d\u00e9lai de l\u2019indemnit\u00e9 de logement aux agents fonctionnaires et contractuels du Minist\u00e8re de la Sant\u00e9 et de l\u2019Action sociale, ainsi qu\u2019aux Travailleurs de la sant\u00e9 des collectivit\u00e9s territoriales ; le r\u00e8glement imm\u00e9diat du reliquat de l\u2019indemnit\u00e9 de logement des agents contractuels IDE, SFE, TSS et M\u00e9decins, injustement maintenus \u00e0 75 000 FCFA dans certains EPS, au lieu des 100 000 FCFA r\u00e9glementaires, situation discriminatoire et inacceptable qui doit \u00eatre corrig\u00e9e sans d\u00e9lail, etc&#8230;&#8221;<\/p>\n","protected":false},"excerpt":{"rendered":"Le cadre de lutte des syndicats de la sant\u00e9 et des collectivit\u00e9s territoriales &#8220;And Gueusseum \/ Satsus, en&hellip;\n","protected":false},"author":2,"featured_media":24328,"comment_status":"","ping_status":"","sticky":false,"template":"","format":"standard","meta":{"footnotes":""},"categories":[48],"tags":[64,274,279,273,277,278,271,281,283,272,280,276,275,159,282],"class_list":{"0":"post-24327","1":"post","2":"type-post","3":"status-publish","4":"format-standard","5":"has-post-thumbnail","7":"category-senegal","8":"tag-afrique","9":"tag-aliou-cisse","10":"tag-amadou-ba","11":"tag-apr","12":"tag-bassirou-diomaye-faye","13":"tag-bathelemy-dias","14":"tag-dakar","15":"tag-el-malick-ndiaye","16":"tag-guy-marius-sagna","17":"tag-macky-sall","18":"tag-madiambal-diagne","19":"tag-ousmane-sonko","20":"tag-pastef","21":"tag-senegal","22":"tag-ziguinchor"},"share_on_mastodon":{"url":"","error":""},"_links":{"self":[{"href":"https:\/\/www.europesays.com\/africa\/wp-json\/wp\/v2\/posts\/24327","targetHints":{"allow":["GET"]}}],"collection":[{"href":"https:\/\/www.europesays.com\/africa\/wp-json\/wp\/v2\/posts"}],"about":[{"href":"https:\/\/www.europesays.com\/africa\/wp-json\/wp\/v2\/types\/post"}],"author":[{"embeddable":true,"href":"https:\/\/www.europesays.com\/africa\/wp-json\/wp\/v2\/users\/2"}],"replies":[{"embeddable":true,"href":"https:\/\/www.europesays.com\/africa\/wp-json\/wp\/v2\/comments?post=24327"}],"version-history":[{"count":0,"href":"https:\/\/www.europesays.com\/africa\/wp-json\/wp\/v2\/posts\/24327\/revisions"}],"wp:featuredmedia":[{"embeddable":true,"href":"https:\/\/www.europesays.com\/africa\/wp-json\/wp\/v2\/media\/24328"}],"wp:attachment":[{"href":"https:\/\/www.europesays.com\/africa\/wp-json\/wp\/v2\/media?parent=24327"}],"wp:term":[{"taxonomy":"category","embeddable":true,"href":"https:\/\/www.europesays.com\/africa\/wp-json\/wp\/v2\/categories?post=24327"},{"taxonomy":"post_tag","embeddable":true,"href":"https:\/\/www.europesays.com\/africa\/wp-json\/wp\/v2\/tags?post=24327"}],"curies":[{"name":"wp","href":"https:\/\/api.w.org\/{rel}","templated":true}]}}