{"id":24329,"date":"2026-01-15T05:36:06","date_gmt":"2026-01-15T05:36:06","guid":{"rendered":"https:\/\/www.europesays.com\/africa\/24329\/"},"modified":"2026-01-15T05:36:06","modified_gmt":"2026-01-15T05:36:06","slug":"vous-avez-aime-hassan-ii-vous-adorerez-hassan-iii-lexpress","status":"publish","type":"post","link":"https:\/\/www.europesays.com\/africa\/24329\/","title":{"rendered":"&#8220;Vous avez aim\u00e9 Hassan II ? Vous adorerez Hassan III&#8221; \u2013 L&#8217;Express"},"content":{"rendered":"<p class=\"paragraph article-body-paragraph article__item   article-body-paragraph--first \">Ce 21 d\u00e9cembre 2025, les regards du monde se tournent vers Rabat. Cent-quatre-vingts pays diffusent le match d\u2019ouverture de la Coupe d\u2019Afrique des nations entre le Maroc et les Comores. Une f\u00eate dont le roi est absent. Le 10 janvier 2026, un communiqu\u00e9 du Palais \u00e9voquera un mal de dos. En r\u00e9alit\u00e9, <a href=\"https:\/\/www.lexpress.fr\/societe\/mohammed-vi-les-secrets-dun-roi-ses-sejours-parisiens-sa-brouille-avec-emmanuel-macron-sa-vie-privee-DYS7TT4IXNBEHLRUJA3TJBYLAM\/\" target=\"_self\" rel=\"nofollow noopener\" title=\"https:\/\/www.lexpress.fr\/societe\/mohammed-vi-les-secrets-dun-roi-ses-sejours-parisiens-sa-brouille-avec-emmanuel-macron-sa-vie-privee-DYS7TT4IXNBEHLRUJA3TJBYLAM\/\">Mohammed VI<\/a> a quitt\u00e9 le territoire le 5 novembre, direction Abu Dhabi, Le Caire puis Paris. En ces derniers jours de l\u2019ann\u00e9e, il visiterait de nouveau la capitale \u00e9gyptienne, notamment son &#8220;Grand Mus\u00e9e&#8221; ouvert depuis quelques semaines. A sa place, un jeune homme prend la lumi\u00e8re. <\/p>\n<p class=\"paragraph article-body-paragraph article__item   \">Sous le crachin du stade Moulay Abdellah, Hassan, le prince h\u00e9ritier, appara\u00eet en manteau long \u00e9l\u00e9gant et costume de ville. A vingt-deux ans, il vit son premier moment de communion directe avec son peuple. Port altier, sourire l\u00e9g\u00e8rement crisp\u00e9 de celui qui n\u2019a pas encore l\u2019habitude de ces apparitions en mondiovision, le fils du roi se fait pr\u00e9senter les joueurs, r\u00e9coltant une immense ovation au moment de son accolade avec le capitaine marocain. Un moment visionn\u00e9 1,5 million de fois sur le compte YouTube de la cha\u00eene BeIn Sports ! Quant \u00e0 son exultation lors de l\u2019ouverture du score des Lions de l\u2019Atlas, quinze secondes saisies par le m\u00e9dia Le360, elle a \u00e9t\u00e9 vue plus de 14 millions de fois en trois semaines. Le futur roi fascine.<\/p>\n<p>LIRE AUSSI : <a class=\"article-body-link-list__item-link\" href=\"https:\/\/www.lexpress.fr\/societe\/mohammed-vi-les-secrets-dun-roi-ses-sejours-parisiens-sa-brouille-avec-emmanuel-macron-sa-vie-privee-DYS7TT4IXNBEHLRUJA3TJBYLAM\/\" rel=\"nofollow noopener\" target=\"_blank\">Mohammed VI, les secrets d&#8217;un roi : ses s\u00e9jours parisiens, sa brouille avec Emmanuel Macron, sa vie priv\u00e9e<\/a><\/p>\n<p class=\"paragraph article-body-paragraph article__item   \">A la diff\u00e9rence de son p\u00e8re et de son grand-p\u00e8re, Moulay Hassan n\u2019a pas \u00e9tudi\u00e9 le droit. Et en d\u00e9pit de son cursus en g\u00e9opolitique, suivi \u00e0 l\u2019universit\u00e9 Mohammed-VI-Polytechnique-de-Rabat, il s\u2019est abstenu d\u2019effectuer une ann\u00e9e \u00e0 l\u2019\u00e9tranger. En 2019, \u00e0 peine \u00e2g\u00e9 de 16 ans, il avait repr\u00e9sent\u00e9 la couronne aux obs\u00e8ques du comte de Paris, Henri d\u2019Orl\u00e9ans, mais il n\u2019entretiendrait aucun lien privil\u00e9gi\u00e9 avec la France. &#8220;On m\u2019a expliqu\u00e9 que si Mohammed VI a achet\u00e9 un h\u00f4tel particulier \u00e0 Paris, pendant le Covid, c\u2019est pour inciter son fils \u00e0 venir en France&#8221;, d\u00e9taille le journaliste Thierry Oberl\u00e9. <\/p>\n<p>La vengeance du fils<\/p>\n<p class=\"paragraph article-body-paragraph article__item   \">A Rabat, le prince se rend \u00e0 certains \u00e9v\u00e9nements mondains\u2026 g\u00e9n\u00e9ralement en famille. &#8220;Je l\u2019ai crois\u00e9 trois fois en trois ans, \u00e0 chaque fois avec sa m\u00e8re&#8221;, relate un officiel. Salma Bennani, alias Lalla Selma, l\u2019ex-\u00e9pouse du roi, a v\u00e9cu des ann\u00e9es difficiles \u00e0 la suite de son divorce, en 2018. Plusieurs m\u00e9dias proches du Palais l\u2019ont d\u00e9nigr\u00e9e, des conseillers l\u2019ont ostracis\u00e9e. Une p\u00e9riode durant laquelle ses enfants, Hassan et sa s\u0153ur Khadija, lui ont apport\u00e9 un soutien ind\u00e9fectible. &#8220;Hassan et sa m\u00e8re vivent ensemble au palais de Dar Es Salam, \u00e0 Rabat, et Hassan n\u2019a pas voulu se s\u00e9parer d\u2019elle, il a pr\u00e9f\u00e9r\u00e9 renoncer \u00e0 des \u00e9tudes \u00e0 l\u2019\u00e9tranger&#8221;, soutient Ignacio Cembrero, journaliste espagnol \u00e0 l\u2019origine de nombreuses r\u00e9v\u00e9lations sur le Palais. <\/p>\n<p>LIRE AUSSI : <a class=\"article-body-link-list__item-link\" href=\"https:\/\/www.lexpress.fr\/monde\/thierry-oberle-malgre-sa-maladie-mohammed-vi-na-jamais-envisage-dabdiquer-YLOBRP3OW5EYHFCP5XX3K5VEYU\/\" rel=\"nofollow noopener\" target=\"_blank\">Thierry Oberl\u00e9 : &#8220;Malgr\u00e9 sa maladie, Mohammed VI n\u2019a jamais envisag\u00e9 d&#8217;abdiquer&#8221;<\/a><\/p>\n<p class=\"paragraph article-body-paragraph article__item   \">Dans l\u2019entourage du roi, beaucoup imaginent l\u2019h\u00e9ritier mener des purges le jour o\u00f9 il arrivera au pouvoir. &#8220;On dit que Moulay Hassan d\u00e9teste ceux qui ont fait souffrir sa m\u00e8re&#8221;, appuie Ignacio Cembrero. Il serait en revanche proche du chef des gardes du corps royaux, le g\u00e9n\u00e9ral Abdelaziz Chater, appel\u00e9 \u00e0 une promotion. Interrog\u00e9 par Thierry Oberl\u00e9, un des professeurs du prince \u00e0 l\u2019universit\u00e9 a vu en lui un go\u00fbt de l\u2019exercice du pouvoir, comme son grand-p\u00e8re, aussi s\u00e9ducteur qu\u2019autoritaire, plus que comme son p\u00e8re : &#8220;Vous avez aim\u00e9 Hassan II ? Vous allez adorer Hassan III !&#8221;.<\/p>\n<p class=\"paragraph article-body-paragraph article__item    article__text__endpicto\">Un geste furtif, observ\u00e9 le 17 avril 2023, sugg\u00e8re ce temp\u00e9rament plus imp\u00e9tueux. En cette nuit de Laylat al-Qadr, une des veill\u00e9es du Ramadan, Ahmed Toufiq, le ministre des Affaires islamiques, accompagne Mohammed VI dans la salle de pri\u00e8res de la mosqu\u00e9e Hassan-II-de-Casablanca. Pendant quelques secondes, Toufiq marche \u00e0 la quasi-hauteur du roi. D\u2019un signe de la main, Moulay Hassan lui indique sa place protocolaire plus \u00e0 l\u2019arri\u00e8re, et repasse devant lui. Un mouvement de chef.<\/p>\n<p>.<\/p>\n","protected":false},"excerpt":{"rendered":"Ce 21 d\u00e9cembre 2025, les regards du monde se tournent vers Rabat. Cent-quatre-vingts pays diffusent le match d\u2019ouverture&hellip;\n","protected":false},"author":2,"featured_media":24330,"comment_status":"","ping_status":"","sticky":false,"template":"","format":"standard","meta":{"footnotes":""},"categories":[41],"tags":[64,658,158,1361,14864,239],"class_list":{"0":"post-24329","1":"post","2":"type-post","3":"status-publish","4":"format-standard","5":"has-post-thumbnail","7":"category-maroc","8":"tag-afrique","9":"tag-france","10":"tag-maroc","11":"tag-monde","12":"tag-secret-defense","13":"tag-societe"},"share_on_mastodon":{"url":"","error":""},"_links":{"self":[{"href":"https:\/\/www.europesays.com\/africa\/wp-json\/wp\/v2\/posts\/24329","targetHints":{"allow":["GET"]}}],"collection":[{"href":"https:\/\/www.europesays.com\/africa\/wp-json\/wp\/v2\/posts"}],"about":[{"href":"https:\/\/www.europesays.com\/africa\/wp-json\/wp\/v2\/types\/post"}],"author":[{"embeddable":true,"href":"https:\/\/www.europesays.com\/africa\/wp-json\/wp\/v2\/users\/2"}],"replies":[{"embeddable":true,"href":"https:\/\/www.europesays.com\/africa\/wp-json\/wp\/v2\/comments?post=24329"}],"version-history":[{"count":0,"href":"https:\/\/www.europesays.com\/africa\/wp-json\/wp\/v2\/posts\/24329\/revisions"}],"wp:featuredmedia":[{"embeddable":true,"href":"https:\/\/www.europesays.com\/africa\/wp-json\/wp\/v2\/media\/24330"}],"wp:attachment":[{"href":"https:\/\/www.europesays.com\/africa\/wp-json\/wp\/v2\/media?parent=24329"}],"wp:term":[{"taxonomy":"category","embeddable":true,"href":"https:\/\/www.europesays.com\/africa\/wp-json\/wp\/v2\/categories?post=24329"},{"taxonomy":"post_tag","embeddable":true,"href":"https:\/\/www.europesays.com\/africa\/wp-json\/wp\/v2\/tags?post=24329"}],"curies":[{"name":"wp","href":"https:\/\/api.w.org\/{rel}","templated":true}]}}