{"id":24463,"date":"2026-01-15T07:15:06","date_gmt":"2026-01-15T07:15:06","guid":{"rendered":"https:\/\/www.europesays.com\/africa\/24463\/"},"modified":"2026-01-15T07:15:06","modified_gmt":"2026-01-15T07:15:06","slug":"afrique-visite-en-israel-dimams-venus-du-benin-cameroun-cote-divoire-senegal-togo","status":"publish","type":"post","link":"https:\/\/www.europesays.com\/africa\/24463\/","title":{"rendered":"Afrique. Visite en Isra\u00ebl d\u2019imams venus du B\u00e9nin, Cameroun, C\u00f4te d\u2019Ivoire, S\u00e9n\u00e9gal, Togo."},"content":{"rendered":"<p class=\"Cover_content-excerpt__yFjHf excerpt\">En visite en Isra\u00ebl avec une d\u00e9l\u00e9gation d\u2019imams africains, l\u2019imam togolais Ido Mohamed Awali a livr\u00e9 un message symbolique.<\/p>\n<p><img decoding=\"async\" src=\"https:\/\/www.europesays.com\/africa\/wp-content\/uploads\/2026\/01\/1352b9caa849f9325c12157cf9dfc47bc0e3c73e.png\" alt=\"i24NEWS\" class=\"lazyload\"\/><img decoding=\"async\" class=\"\" src=\"https:\/\/www.europesays.com\/africa\/wp-content\/uploads\/2026\/01\/1352b9caa849f9325c12157cf9dfc47bc0e3c73e.png\" alt=\"i24NEWS\"\/><\/p>\n<p>i24NEWS<\/p>\n<p class=\"\" data-is=\"component-paragraph\">L\u2019imam Hido Mohamed Awali, secr\u00e9taire permanent de l\u2019Union musulmane du Togo et imam de la mosqu\u00e9e de la Maison du Hadj, \u00e9tait l\u2019invit\u00e9 de La Grande Edition sur i24NEWS. En visite en Isra\u00ebl aux c\u00f4t\u00e9s d\u2019une d\u00e9l\u00e9gation d\u2019imams francophones venus du B\u00e9nin, du Cameroun, de C\u00f4te d\u2019Ivoire, du S\u00e9n\u00e9gal et du Togo, il a livr\u00e9 un t\u00e9moignage rare et profond\u00e9ment symbolique.<\/p>\n<p class=\"\" data-is=\"component-paragraph\">D\u00e8s le d\u00e9but de l\u2019entretien, il rappelle que cette pr\u00e9sence en Terre sainte n\u2019est pas anodine : \u00ab Isra\u00ebl est pour nous Bait al-Maghdis, une terre sacr\u00e9e. \u00bb Il \u00e9voque la centralit\u00e9 de la mosqu\u00e9e Al-Aqsa, la tradition proph\u00e9tique et l\u2019importance spirituelle de venir prier l\u00e0 o\u00f9 Abraham, Mo\u00efse ou J\u00e9sus\u2014\u00ab tous nos proph\u00e8tes \u00bb\u2014ont march\u00e9.<\/p>\n<p class=\"\" data-is=\"component-paragraph\">Face aux tensions r\u00e9gionales et aux tentatives de \u00ab salir l\u2019image d\u2019Isra\u00ebl \u00bb, l\u2019imam Awali affirme porter avant tout \u00ab un message de paix \u00bb. Une paix qu\u2019il qualifie de \u00ab possible partout dans le monde \u00bb, \u00e0 condition \u00ab d\u2019\u00e9couter l\u2019autre, de respecter la dignit\u00e9 humaine, de pratiquer la justice sociale et surtout de savoir pardonner \u00bb. Citant le Coran, il rappelle : \u00ab La patience et la pri\u00e8re sont les cl\u00e9s. \u00bb<\/p>\n<p class=\"\" data-is=\"component-paragraph\">Interrog\u00e9 sur la perception africaine du conflit \u00e0 Gaza, il d\u00e9plore la d\u00e9pendance m\u00e9diatique de son continent : \u00ab Ce que l\u2019Afrique voit, ce sont les images que l\u2019Europe montre. \u00bb<\/p>\n<p class=\"\" data-is=\"component-paragraph\">Sur le plan strat\u00e9gique, il souligne le potentiel \u00e9norme du partenariat Isra\u00ebl\u2013Afrique : agriculture, innovation, lutte contre l\u2019extr\u00e9misme. \u00ab Isra\u00ebl peut apporter beaucoup \u00e0 l\u2019Afrique \u00bb, estime-t-il, insistant sur l\u2019importance d\u2019attaquer \u00ab l\u2019id\u00e9e terroriste \u00bb par l\u2019\u00e9ducation.<\/p>\n<p class=\"\" data-is=\"component-paragraph\">Enfin, il d\u00e9crit une visite \u00ab spirituelle et fraternelle \u00bb, destin\u00e9e \u00e0 renforcer le dialogue interreligieux et le lien entre les peuples. \u00ab La paix n\u2019est pas un mot, c\u2019est un comportement. \u00bb<\/p>\n","protected":false},"excerpt":{"rendered":"En visite en Isra\u00ebl avec une d\u00e9l\u00e9gation d\u2019imams africains, l\u2019imam togolais Ido Mohamed Awali a livr\u00e9 un message&hellip;\n","protected":false},"author":2,"featured_media":16711,"comment_status":"","ping_status":"","sticky":false,"template":"","format":"standard","meta":{"footnotes":""},"categories":[62],"tags":[64],"class_list":{"0":"post-24463","1":"post","2":"type-post","3":"status-publish","4":"format-standard","5":"has-post-thumbnail","7":"category-afrique","8":"tag-afrique"},"share_on_mastodon":{"url":"","error":""},"_links":{"self":[{"href":"https:\/\/www.europesays.com\/africa\/wp-json\/wp\/v2\/posts\/24463","targetHints":{"allow":["GET"]}}],"collection":[{"href":"https:\/\/www.europesays.com\/africa\/wp-json\/wp\/v2\/posts"}],"about":[{"href":"https:\/\/www.europesays.com\/africa\/wp-json\/wp\/v2\/types\/post"}],"author":[{"embeddable":true,"href":"https:\/\/www.europesays.com\/africa\/wp-json\/wp\/v2\/users\/2"}],"replies":[{"embeddable":true,"href":"https:\/\/www.europesays.com\/africa\/wp-json\/wp\/v2\/comments?post=24463"}],"version-history":[{"count":0,"href":"https:\/\/www.europesays.com\/africa\/wp-json\/wp\/v2\/posts\/24463\/revisions"}],"wp:featuredmedia":[{"embeddable":true,"href":"https:\/\/www.europesays.com\/africa\/wp-json\/wp\/v2\/media\/16711"}],"wp:attachment":[{"href":"https:\/\/www.europesays.com\/africa\/wp-json\/wp\/v2\/media?parent=24463"}],"wp:term":[{"taxonomy":"category","embeddable":true,"href":"https:\/\/www.europesays.com\/africa\/wp-json\/wp\/v2\/categories?post=24463"},{"taxonomy":"post_tag","embeddable":true,"href":"https:\/\/www.europesays.com\/africa\/wp-json\/wp\/v2\/tags?post=24463"}],"curies":[{"name":"wp","href":"https:\/\/api.w.org\/{rel}","templated":true}]}}