{"id":24488,"date":"2026-01-15T07:33:11","date_gmt":"2026-01-15T07:33:11","guid":{"rendered":"https:\/\/www.europesays.com\/africa\/24488\/"},"modified":"2026-01-15T07:33:11","modified_gmt":"2026-01-15T07:33:11","slug":"can-le-maroc-tient-sa-finale-a-la-maison-dimanche-face-au-senegal","status":"publish","type":"post","link":"https:\/\/www.europesays.com\/africa\/24488\/","title":{"rendered":"CAN : le Maroc tient sa finale \u00e0 la maison, dimanche face au S\u00e9n\u00e9gal"},"content":{"rendered":"<p>Favori devant son public, le Maroc a \u00e9limin\u00e9 mercredi soir le Nigeria (0-0, 4 t.a.b. \u00e0 2), en demi-finale de la Coupe d&#8217;Afrique des nations.Les Lions de l&#8217;Atlas ne sont plus qu&#8217;\u00e0 un match de remporter enfin la deuxi\u00e8me CAN de leur histoire.Ce sera dimanche, \u00e0 20h00, face au S\u00e9n\u00e9gal, tombeur de l&#8217;\u00c9gypte.<\/p>\n<p data-module=\"article-paragraph\" class=\"jsx-157965717 Paragraph Paragraph__End\">Une qualification au bout du suspense. <a href=\"https:\/\/www.tf1info.fr\/sport\/football-can-2025-maroc-un-statut-difficile-a-porter-gagner-la-coupe-d-afrique-a-domicile-le-defi-xxl-qui-attend-les-marocains-2413180.html\" rel=\"nofollow noopener\" target=\"_blank\">En mission devant leur public en folie \u00e0 Rabat<\/a>, le Maroc a battu mercredi 14 janvier le Nigeria aux tirs au but en demi-finale (0-0, 4 t.a.b. \u00e0 2) et n&#8217;est plus qu&#8217;\u00e0 un match de remporter enfin sa deuxi\u00e8me <a href=\"https:\/\/www.tf1info.fr\/sport\/football-can-en-images-concert-danseurs-mascotte-le-maroc-lance-la-35e-coupe-d-afrique-des-nations-2414173.html\" rel=\"nofollow noopener\" target=\"_blank\">Coupe d&#8217;Afrique des nations<\/a>. \u00a0<\/p>\n<p data-module=\"article-paragraph\" class=\"jsx-157965717 Paragraph Paragraph__End\">Contrairement \u00e0 1988, o\u00f9 ils avaient perdu leur demi-finale \u00e0 domicile contre le Cameroun (1-0), futur vainqueur, les Lions de l&#8217;Atlas n&#8217;ont pas laiss\u00e9 passer leur chance cette fois-ci. Au terme d&#8217;un match intense et serr\u00e9, <a href=\"https:\/\/www.tf1info.fr\/sport\/can-2025-walid-regragui-l-homme-fort-du-maroc-a-l-epreuve-de-la-coupe-d-afrique-2413651.html\" rel=\"nofollow noopener\" target=\"_blank\">les hommes de Walid Regragui<\/a> et les Super Eagles n&#8217;ont pas r\u00e9ussi \u00e0 se d\u00e9partager au terme des 90 minutes de temps r\u00e9glementaires, ainsi qu&#8217;apr\u00e8s la demi-heure suppl\u00e9mentaire des prolongations.\u00a0<\/p>\n<p>En qu\u00eate d&#8217;une deuxi\u00e8me couronne depuis 1976<\/p>\n<p data-module=\"article-paragraph\" class=\"jsx-157965717 Paragraph Paragraph__End\">Malgr\u00e9 sa domination dans cette demi-finale ouverte, avec son lot d&#8217;occasions de chaque c\u00f4t\u00e9, le pays h\u00f4te a \u00e9t\u00e9 pouss\u00e9 aux tirs au but par l&#8217;\u00e9quipe du Fran\u00e7ais \u00c9ric Chelle. Demi-finalistes au mondial qatari, les <a href=\"https:\/\/www.tf1info.fr\/sport\/can-2025-le-retourne-acrobatique-qui-permet-au-maroc-de-lancer-son-tournoi-2414240.html\" rel=\"nofollow noopener\" target=\"_blank\">Marocains<\/a> ont eu le dernier mot. Le \u00a0gardien Yassine Bono a repouss\u00e9 deux tentatives nig\u00e9rianes, tandis que Youssef En-Nesyri a exp\u00e9di\u00e9 le ballon au fond des filets et son pays en finale de la CAN pour la premi\u00e8re fois depuis 21 ans (d\u00e9faite contre la Tunisie).<\/p>\n<p><a href=\"https:\/\/www.tf1info.fr\/sport\/football-maroc-senegal-egypte-nos-favoris-pour-la-can-coupe-d-afrique-des-nations-2025-2412022.html\" rel=\"nofollow noopener\" class=\"jsx-3308031228 Link flex\" target=\"_blank\"><img decoding=\"async\" src=\"https:\/\/www.europesays.com\/africa\/wp-content\/uploads\/2026\/01\/montage-can-b92b0b-0@1x.jpeg\" alt=\"Sadio Man\u00e9, Nayef Aguerd et Mohamed Salah. \" loading=\"lazy\" importance=\"low\" fetchpriority=\"low\" class=\"\" aria-hidden=\"true\"\/><\/p>\n<p class=\"jsx-3657663356 ReadMoreArticle__Title\">Lire aussi<\/p>\n<p class=\"jsx-3657663356\">Maroc, S\u00e9n\u00e9gal, \u00c9gypte\u2026 Nos favoris pour la CAN 2025<\/p>\n<p><\/a><\/p>\n<p data-module=\"article-paragraph\" class=\"jsx-157965717 Paragraph Paragraph__End\">En finale, les Lions de l&#8217;Atlas se mesureront \u00e0 ceux du S\u00e9n\u00e9gal, vainqueurs de l&#8217;\u00c9gypte (1-0) dans l&#8217;autre demi-finale tr\u00e8s ferm\u00e9e. Les Marocains viseront, ce dimanche \u00e0 20 heures dans le m\u00eame stade Prince Moulay Abdellah, une deuxi\u00e8me couronne apr\u00e8s 1976. Comme les S\u00e9n\u00e9galais, champions en 2022.<\/p>\n<p>Victor GAUTIER avec AFP<\/p>\n","protected":false},"excerpt":{"rendered":"Favori devant son public, le Maroc a \u00e9limin\u00e9 mercredi soir le Nigeria (0-0, 4 t.a.b. \u00e0 2), en&hellip;\n","protected":false},"author":2,"featured_media":24489,"comment_status":"","ping_status":"","sticky":false,"template":"","format":"standard","meta":{"footnotes":""},"categories":[41],"tags":[2272,554,64,15120,179,4632,311,2273,158,122,159,15118,6614,15119],"class_list":{"0":"post-24488","1":"post","2":"type-post","3":"status-publish","4":"format-standard","5":"has-post-thumbnail","7":"category-maroc","8":"tag-actu","9":"tag-actualites","10":"tag-afrique","11":"tag-article-video","12":"tag-can-2025","13":"tag-egypte","14":"tag-football","15":"tag-info","16":"tag-maroc","17":"tag-nigeria","18":"tag-senegal","19":"tag-sport-et-societe","20":"tag-video","21":"tag-video-sports"},"share_on_mastodon":{"url":"","error":""},"_links":{"self":[{"href":"https:\/\/www.europesays.com\/africa\/wp-json\/wp\/v2\/posts\/24488","targetHints":{"allow":["GET"]}}],"collection":[{"href":"https:\/\/www.europesays.com\/africa\/wp-json\/wp\/v2\/posts"}],"about":[{"href":"https:\/\/www.europesays.com\/africa\/wp-json\/wp\/v2\/types\/post"}],"author":[{"embeddable":true,"href":"https:\/\/www.europesays.com\/africa\/wp-json\/wp\/v2\/users\/2"}],"replies":[{"embeddable":true,"href":"https:\/\/www.europesays.com\/africa\/wp-json\/wp\/v2\/comments?post=24488"}],"version-history":[{"count":0,"href":"https:\/\/www.europesays.com\/africa\/wp-json\/wp\/v2\/posts\/24488\/revisions"}],"wp:featuredmedia":[{"embeddable":true,"href":"https:\/\/www.europesays.com\/africa\/wp-json\/wp\/v2\/media\/24489"}],"wp:attachment":[{"href":"https:\/\/www.europesays.com\/africa\/wp-json\/wp\/v2\/media?parent=24488"}],"wp:term":[{"taxonomy":"category","embeddable":true,"href":"https:\/\/www.europesays.com\/africa\/wp-json\/wp\/v2\/categories?post=24488"},{"taxonomy":"post_tag","embeddable":true,"href":"https:\/\/www.europesays.com\/africa\/wp-json\/wp\/v2\/tags?post=24488"}],"curies":[{"name":"wp","href":"https:\/\/api.w.org\/{rel}","templated":true}]}}