{"id":24529,"date":"2026-01-15T07:57:09","date_gmt":"2026-01-15T07:57:09","guid":{"rendered":"https:\/\/www.europesays.com\/africa\/24529\/"},"modified":"2026-01-15T07:57:09","modified_gmt":"2026-01-15T07:57:09","slug":"la-residence-un-roman-pour-comprendre-la-colonisation-de-lafrique-du-nord","status":"publish","type":"post","link":"https:\/\/www.europesays.com\/africa\/24529\/","title":{"rendered":"La R\u00e9sidence, un roman pour comprendre la colonisation de l\u2019Afrique du Nord"},"content":{"rendered":"<p>Dans La R\u00e9sidence, Laurent Crassat entra\u00eene le lecteur au c\u0153ur d\u2019un long XIX\u1d49 si\u00e8cle colonial, marqu\u00e9 par les ambitions concurrentes des puissances europ\u00e9ennes en Afrique du Nord. Le r\u00e9cit s\u2019appuie sur une documentation dense pour restituer les m\u00e9canismes de la conqu\u00eate, les calculs diplomatiques et les strat\u00e9gies \u00e9conomiques qui accompagnent l\u2019expansion coloniale fran\u00e7aise.<\/p>\n<p>L\u2019auteur met en lumi\u00e8re les rapports de force internationaux et les rivalit\u00e9s qui traversent l\u2019Europe, tout en montrant comment ces logiques se traduisent concr\u00e8tement sur les territoires colonis\u00e9s.<\/p>\n<p>Le roman oppose clairement deux mod\u00e8les de domination. En Alg\u00e9rie, la conqu\u00eate est d\u00e9crite comme brutale, men\u00e9e par la guerre et la r\u00e9pression, au prix de violences massives. Au Maroc, l\u2019instauration du protectorat appara\u00eet plus progressive et plus dissimul\u00e9e, sans pour autant \u00eatre exempte de coercition. \u00c0 travers ces contrastes, le texte donne \u00e0 voir le quotidien des colonis\u00e9s comme celui des colons, et inscrit les trajectoires individuelles dans une histoire plus vaste, ponctu\u00e9e d\u2019\u00e9v\u00e9nements majeurs aussi bien en Afrique du Nord qu\u2019en France, de la prise d\u2019Alger \u00e0 la Troisi\u00e8me R\u00e9publique, en passant par la guerre de 1870, la Commune de Paris ou la crise de Tanger.<\/p>\n<p>Laurent Crassat accorde \u00e9galement une place centrale aux figures historiques qui incarnent le colonialisme et ses oppositions. Des responsables politiques et militaires fran\u00e7ais aux chefs de la r\u00e9sistance nord-africaine, le r\u00e9cit croise les parcours et les discours, tout en faisant entendre la voix d\u2019intellectuels et d\u2019artistes de l\u2019\u00e9poque.<\/p>\n<p>L\u2019analyse des tensions d\u2019Agadir en 1911 souligne leur r\u00f4le dans l\u2019encha\u00eenement des crises europ\u00e9ennes ayant pr\u00e9c\u00e9d\u00e9 la Premi\u00e8re Guerre mondiale, \u00e9largissant encore la port\u00e9e du propos.<\/p>\n<p>Port\u00e9 par une ironie ac\u00e9r\u00e9e et une langue volontairement truculente, jouant avec les codes et le phras\u00e9 des \u00e9lites du temps, La R\u00e9sidence adopte une distance critique qui permet de saisir \u00e0 la fois les enjeux historiques de la colonisation et leurs r\u00e9sonances contemporaines, sans c\u00e9der \u00e0 la simplification ni \u00e0 l\u2019anachronisme.<\/p>\n<p>Les \u00e9ditions Intervalles vous proposent les premi\u00e8res pages en avant-premi\u00e8re :\u00a0<\/p>\n<p>N\u00e9 en 1975 \u00e0 Bordeaux, Laurent Crassat est \u00e9crivain, romancier et professeur de philosophie. Il a enseign\u00e9 notamment au lyc\u00e9e fran\u00e7ais de Mekn\u00e8s avant de s\u2019installer en Dordogne. La R\u00e9sidence constitue son premier roman, dans lequel il met \u00e0 profit son go\u00fbt pour l\u2019histoire, la r\u00e9flexion politique et le travail de la langue.<\/p>\n<p>\u00a0<\/p>\n<p class=\"article-signature\">Par <a class=\"article-signature_url\" href=\"https:\/\/actualitte.com\/auteurs\/250\/clotilde-martin\" rel=\"nofollow noopener\" target=\"_blank\">Clotilde Martin<\/a><br \/>Contact : <a class=\"article-signature_mail\" href=\"https:\/\/actualitte.com\/article\/128717\/avant-parutions\/mailto:mc@actualitte.com\" rel=\"nofollow noopener\" target=\"_blank\">mc@actualitte.com<\/a><\/p>\n","protected":false},"excerpt":{"rendered":"Dans La R\u00e9sidence, Laurent Crassat entra\u00eene le lecteur au c\u0153ur d\u2019un long XIX\u1d49 si\u00e8cle colonial, marqu\u00e9 par les&hellip;\n","protected":false},"author":2,"featured_media":24530,"comment_status":"","ping_status":"","sticky":false,"template":"","format":"standard","meta":{"footnotes":""},"categories":[62],"tags":[64],"class_list":{"0":"post-24529","1":"post","2":"type-post","3":"status-publish","4":"format-standard","5":"has-post-thumbnail","7":"category-afrique","8":"tag-afrique"},"share_on_mastodon":{"url":"","error":""},"_links":{"self":[{"href":"https:\/\/www.europesays.com\/africa\/wp-json\/wp\/v2\/posts\/24529","targetHints":{"allow":["GET"]}}],"collection":[{"href":"https:\/\/www.europesays.com\/africa\/wp-json\/wp\/v2\/posts"}],"about":[{"href":"https:\/\/www.europesays.com\/africa\/wp-json\/wp\/v2\/types\/post"}],"author":[{"embeddable":true,"href":"https:\/\/www.europesays.com\/africa\/wp-json\/wp\/v2\/users\/2"}],"replies":[{"embeddable":true,"href":"https:\/\/www.europesays.com\/africa\/wp-json\/wp\/v2\/comments?post=24529"}],"version-history":[{"count":0,"href":"https:\/\/www.europesays.com\/africa\/wp-json\/wp\/v2\/posts\/24529\/revisions"}],"wp:featuredmedia":[{"embeddable":true,"href":"https:\/\/www.europesays.com\/africa\/wp-json\/wp\/v2\/media\/24530"}],"wp:attachment":[{"href":"https:\/\/www.europesays.com\/africa\/wp-json\/wp\/v2\/media?parent=24529"}],"wp:term":[{"taxonomy":"category","embeddable":true,"href":"https:\/\/www.europesays.com\/africa\/wp-json\/wp\/v2\/categories?post=24529"},{"taxonomy":"post_tag","embeddable":true,"href":"https:\/\/www.europesays.com\/africa\/wp-json\/wp\/v2\/tags?post=24529"}],"curies":[{"name":"wp","href":"https:\/\/api.w.org\/{rel}","templated":true}]}}