{"id":24535,"date":"2026-01-15T08:00:06","date_gmt":"2026-01-15T08:00:06","guid":{"rendered":"https:\/\/www.europesays.com\/africa\/24535\/"},"modified":"2026-01-15T08:00:06","modified_gmt":"2026-01-15T08:00:06","slug":"nouvelles-infrastructures-sanitaires-a-lecole-de-sanar","status":"publish","type":"post","link":"https:\/\/www.europesays.com\/africa\/24535\/","title":{"rendered":"nouvelles infrastructures sanitaires \u00e0 l&#8217;\u00e9cole de Sanar"},"content":{"rendered":"<p class=\"font-claude-response-body break-words whitespace-normal leading-[1.7]\" style=\"-webkit-text-size-adjust: auto; caret-color: rgb(0, 0, 0); color: rgb(0, 0, 0);\">L&#8217;\u00e9cole de Sanar a proc\u00e9d\u00e9 hier mercredi \u00e0 la r\u00e9ception de nouvelles infrastructures sanitaires construites gr\u00e2ce au partenariat entre l&#8217;association &#8220;Les Ailes pour Saint-Louis&#8221; et des partenaires fran\u00e7ais. Ces toilettes\u00a0viennent compl\u00e9ter un projet \u00e9ducatif initi\u00e9 en 2016 avec la construction de deux salles de classe. <br \/>\u00a0 <\/p>\n<p class=\"font-claude-response-body break-words whitespace-normal leading-[1.7]\" style=\"-webkit-text-size-adjust: auto; caret-color: rgb(0, 0, 0); color: rgb(0, 0, 0);\">Le Dr Ousmane Thiam, membre de l&#8217;association &#8220;Les Ailes pour Saint-Louis&#8221; et enseignant-chercheur \u00e0 l&#8217;UFR des sciences de la sant\u00e9 de l&#8217;Universit\u00e9 Gaston Berger, a retrac\u00e9 l&#8217;historique de ce partenariat lors de la c\u00e9r\u00e9monie de r\u00e9ception. <\/p>\n<p>&#8220;Cela vient d&#8217;un processus d&#8217;activit\u00e9 qui a commenc\u00e9 d&#8217;abord par la construction de deux salles de classe au niveau de cette \u00e9cole. C&#8217;est un processus qui a commenc\u00e9 depuis pratiquement 2016&#8221;, a-t-il expliqu\u00e9. <br \/>\u00a0 <\/p>\n<p class=\"font-claude-response-body break-words whitespace-normal leading-[1.7]\" style=\"-webkit-text-size-adjust: auto; caret-color: rgb(0, 0, 0); color: rgb(0, 0, 0);\">Le responsable associatif a exprim\u00e9 sa gratitude envers les diff\u00e9rents acteurs qui ont accompagn\u00e9 ce projet. <\/p>\n<p>&#8220;C&#8217;est l&#8217;occasion de remercier l&#8217;\u00e9cole, surtout la direction qui a accept\u00e9 de nous accompagner dans ce processus de financement pour la mise en place de cet espace. Remercier et f\u00e9liciter \u00e9galement la communaut\u00e9 qui a accompagn\u00e9 dans ce processus et l&#8217;inspection d&#8217;acad\u00e9mie pour cet accompagnement&#8221;, a d\u00e9clar\u00e9 Dr Thiam. <br \/>\u00a0 <\/p>\n<p class=\"font-claude-response-body break-words whitespace-normal leading-[1.7]\" style=\"-webkit-text-size-adjust: auto; caret-color: rgb(0, 0, 0); color: rgb(0, 0, 0);\">Ces nouvelles toilettes r\u00e9pondent \u00e0 un besoin urgent d&#8217;am\u00e9lioration des conditions d&#8217;apprentissage. <\/p>\n<p>&#8220;Nous sommes heureux aujourd&#8217;hui de pouvoir r\u00e9ceptionner ces toilettes qui viennent \u00e0 point nomm\u00e9 parce que \u00e7a permet d&#8217;am\u00e9liorer l&#8217;environnement d&#8217;apprentissage des \u00e9l\u00e8ves et leurs conditions de travail pour impacter sur les performances mais \u00e9galement les indicateurs de l&#8217;\u00e9cole&#8221;, a soulign\u00e9 l&#8217;enseignant-chercheur. <br \/>\u00a0 <\/p>\n<p class=\"font-claude-response-body break-words whitespace-normal leading-[1.7]\" style=\"-webkit-text-size-adjust: auto; caret-color: rgb(0, 0, 0); color: rgb(0, 0, 0);\">Concernant les perspectives, Dr Thiam a annonc\u00e9 la poursuite du partenariat. <\/p>\n<p>\u00a0&#8220;Les deux salles de classe sont en b\u00e9ton et n\u00e9cessitent une \u00e9l\u00e9vation. Nous sommes dans cette perspective et nous discuterons avec nos coll\u00e8gues, nos partenaires fran\u00e7ais afin de trouver des financements si possible et mettre en place d&#8217;autres infrastructures pour l&#8217;\u00e9cole&#8221;, a-t-il pr\u00e9cis\u00e9. <\/p>\n<p class=\"font-claude-response-body break-words whitespace-normal leading-[1.7]\" style=\"-webkit-text-size-adjust: auto; caret-color: rgb(0, 0, 0); color: rgb(0, 0, 0);\">De son c\u00f4t\u00e9, Baye Birame Diakhat\u00e9, inspecteur de l&#8217;\u00e9ducation et de la formation de Saint-Louis, a salu\u00e9 l&#8217;initiative des partenaires. <\/p>\n<p>&#8220;Ils ont choisi l&#8217;\u00e9cole de Sanar depuis un bon moment en \u00e9rigeant des salles de classe et aujourd&#8217;hui nous venons r\u00e9ceptionner des toilettes de qualit\u00e9 qui satisfont \u00e0 toutes les obligations li\u00e9es \u00e0 l&#8217;inclusion sociale et scolaire, un pilier de la vision du minist\u00e8re dans le domaine de l&#8217;\u00e9ducation et de la formation&#8221;, a-t-il d\u00e9clar\u00e9. <br \/>\u00a0 <\/p>\n<p class=\"font-claude-response-body break-words whitespace-normal leading-[1.7]\" style=\"-webkit-text-size-adjust: auto; caret-color: rgb(0, 0, 0); color: rgb(0, 0, 0);\">L&#8217;inspecteur a soulign\u00e9 l&#8217;importance de ces infrastructures sanitaires pour l&#8217;am\u00e9lioration de la qualit\u00e9 de l&#8217;enseignement. <\/p>\n<p>&#8220;Ces toilettes participent \u00e0 disposer d&#8217;un paquet de services assez attractifs pour permettre aux apprenants et aux personnels de s\u00e9journer correctement au sein de l&#8217;\u00e9cole. Elles constituent un environnement de qualit\u00e9 qui participe \u00e0 l&#8217;am\u00e9lioration des enseignements d&#8217;apprentissage et \u00e0 la production de r\u00e9sultats qualitatifs aupr\u00e8s des apprenants&#8221;, a expliqu\u00e9 Baye Birame Diakhat\u00e9. <br \/>\u00a0 <\/p>\n<p class=\"font-claude-response-body break-words whitespace-normal leading-[1.7]\" style=\"-webkit-text-size-adjust: auto; caret-color: rgb(0, 0, 0); color: rgb(0, 0, 0);\">L&#8217;inspecteur a \u00e9galement exprim\u00e9 sa satisfaction quant \u00e0 l&#8217;engagement de la communaut\u00e9 locale. &#8220;Nous sommes satisfaits de l&#8217;engagement de la communaut\u00e9 qui est toujours pr\u00e8s de l&#8217;\u00e9cole&#8221;, a-t-il conclu, tout en esp\u00e9rant que ce partenariat se poursuive et continue \u00e0 valoir &#8220;beaucoup de succ\u00e8s et de satisfaction&#8221; \u00e0 la communaut\u00e9 de Sanar. <br \/>\u00a0 <\/p>\n","protected":false},"excerpt":{"rendered":"L&#8217;\u00e9cole de Sanar a proc\u00e9d\u00e9 hier mercredi \u00e0 la r\u00e9ception de nouvelles infrastructures sanitaires construites gr\u00e2ce au partenariat&hellip;\n","protected":false},"author":2,"featured_media":24536,"comment_status":"","ping_status":"","sticky":false,"template":"","format":"standard","meta":{"footnotes":""},"categories":[48],"tags":[15153,15154,15155,15156,15157,15158,15159,15160,15161,15162,15163,15164,15165,15166,15167,15168,159],"class_list":{"0":"post-24535","1":"post","2":"type-post","3":"status-publish","4":"format-standard","5":"has-post-thumbnail","7":"category-senegal","8":"tag-amelioration-environnement-apprentissage","9":"tag-baye-birame-diakhate-inspecteur","10":"tag-communaute-engagee-ecole","11":"tag-conditions-travail-eleves","12":"tag-deux-salles-classe-beton","13":"tag-dr-ousmane-thiam-ugb","14":"tag-ecole-sanar-toilettes-qualite","15":"tag-elevation-salles-classe","16":"tag-inclusion-sociale-scolaire","17":"tag-infrastructures-sanitaires-sanar","18":"tag-les-ailes-pour-saint-louis","19":"tag-partenariat-franco-senegalais-education","20":"tag-performances-indicateurs-ecole","21":"tag-projet-educatif-depuis-2016","22":"tag-recherche-financements-partenaires-francais","23":"tag-saint-louis-education","24":"tag-senegal"},"share_on_mastodon":{"url":"","error":""},"_links":{"self":[{"href":"https:\/\/www.europesays.com\/africa\/wp-json\/wp\/v2\/posts\/24535","targetHints":{"allow":["GET"]}}],"collection":[{"href":"https:\/\/www.europesays.com\/africa\/wp-json\/wp\/v2\/posts"}],"about":[{"href":"https:\/\/www.europesays.com\/africa\/wp-json\/wp\/v2\/types\/post"}],"author":[{"embeddable":true,"href":"https:\/\/www.europesays.com\/africa\/wp-json\/wp\/v2\/users\/2"}],"replies":[{"embeddable":true,"href":"https:\/\/www.europesays.com\/africa\/wp-json\/wp\/v2\/comments?post=24535"}],"version-history":[{"count":0,"href":"https:\/\/www.europesays.com\/africa\/wp-json\/wp\/v2\/posts\/24535\/revisions"}],"wp:featuredmedia":[{"embeddable":true,"href":"https:\/\/www.europesays.com\/africa\/wp-json\/wp\/v2\/media\/24536"}],"wp:attachment":[{"href":"https:\/\/www.europesays.com\/africa\/wp-json\/wp\/v2\/media?parent=24535"}],"wp:term":[{"taxonomy":"category","embeddable":true,"href":"https:\/\/www.europesays.com\/africa\/wp-json\/wp\/v2\/categories?post=24535"},{"taxonomy":"post_tag","embeddable":true,"href":"https:\/\/www.europesays.com\/africa\/wp-json\/wp\/v2\/tags?post=24535"}],"curies":[{"name":"wp","href":"https:\/\/api.w.org\/{rel}","templated":true}]}}