{"id":24557,"date":"2026-01-15T08:15:10","date_gmt":"2026-01-15T08:15:10","guid":{"rendered":"https:\/\/www.europesays.com\/africa\/24557\/"},"modified":"2026-01-15T08:15:10","modified_gmt":"2026-01-15T08:15:10","slug":"can-2025-les-notes-de-senegal-egypte-par-flashscore-france","status":"publish","type":"post","link":"https:\/\/www.europesays.com\/africa\/24557\/","title":{"rendered":"CAN 2025 : les notes de S\u00e9n\u00e9gal-\u00c9gypte par Flashscore France"},"content":{"rendered":"<p data-testid=\"wcl-news-perex\" itemprop=\"description\">Au terme d&#8217;une rencontre relativement ferm\u00e9e ce mercredi, c&#8217;est le S\u00e9n\u00e9gal qui s&#8217;est qualifi\u00e9 gr\u00e2ce \u00e0 un but de son h\u00e9ros national Sadio Man\u00e9. Voici les notes du match.<\/p>\n<p>Mendy (6) &#8211; <a href=\"https:\/\/www.flashscore.fr\/joueur\/diatta-krepin\/lbPmGop2\/\" data-analytics-element=\"ARTICLE_TEXT_LINK\" data-analytics-alias=\"internal\" rel=\"nofollow noopener\" target=\"_blank\">Diatta<\/a> (7), <a href=\"https:\/\/www.flashscore.fr\/joueur\/koulibaly-kalidou\/hSKz7qT3\/\" data-analytics-element=\"ARTICLE_TEXT_LINK\" data-analytics-alias=\"internal\" rel=\"nofollow noopener\" target=\"_blank\">Koulibaly<\/a> (non not\u00e9), <a href=\"https:\/\/www.flashscore.fr\/joueur\/niakhate-moussa\/tdnibGHH\/\" data-analytics-element=\"ARTICLE_TEXT_LINK\" data-analytics-alias=\"internal\" rel=\"nofollow noopener\" target=\"_blank\">Niakhat\u00e9<\/a> (6), <a href=\"https:\/\/www.flashscore.fr\/joueur\/malick-diouf\/n1SNJhEe\/\" data-analytics-element=\"ARTICLE_TEXT_LINK\" data-analytics-alias=\"internal\" rel=\"nofollow noopener\" target=\"_blank\">Diouf<\/a> (7) &#8211; Diarra (5), <a href=\"https:\/\/www.flashscore.fr\/joueur\/gueye-idrissa\/f12b2WQA\/\" data-analytics-element=\"ARTICLE_TEXT_LINK\" data-analytics-alias=\"internal\" rel=\"nofollow noopener\" target=\"_blank\">I. Gueye<\/a> (6), <a href=\"https:\/\/www.flashscore.fr\/joueur\/gueye-pape\/p6rsDQvN\/\" data-analytics-element=\"ARTICLE_TEXT_LINK\" data-analytics-alias=\"internal\" rel=\"nofollow noopener\" target=\"_blank\">P. Gueye<\/a> (7) &#8211; <a href=\"https:\/\/www.flashscore.fr\/joueur\/ndiaye-iliman\/Im0c6Oy7\/\" data-analytics-element=\"ARTICLE_TEXT_LINK\" data-analytics-alias=\"internal\" rel=\"nofollow noopener\" target=\"_blank\">Ndiaye<\/a> (6), <a href=\"https:\/\/www.flashscore.fr\/joueur\/jackson-nicolas\/jXg8d5RJ\/\" data-analytics-element=\"ARTICLE_TEXT_LINK\" data-analytics-alias=\"internal\" rel=\"nofollow noopener\" target=\"_blank\">Jackson<\/a> (6), Man\u00e9 (8)<\/p>\n<p><a href=\"https:\/\/www.flashscore.fr\/joueur\/el-shenawy-mohamed\/ALaFz9J4\/\" data-analytics-element=\"ARTICLE_TEXT_LINK\" data-analytics-alias=\"internal\" rel=\"nofollow noopener\" target=\"_blank\">El Shenawy<\/a> (4) &#8211; Ibrahim (6), <a href=\"https:\/\/www.flashscore.fr\/joueur\/abdelmagid-mohamed-ibrahim\/ny9MQFuB\/\" data-analytics-element=\"ARTICLE_TEXT_LINK\" data-analytics-alias=\"internal\" rel=\"nofollow noopener\" target=\"_blank\">Abdelmagid<\/a> (7), <a href=\"https:\/\/www.flashscore.fr\/joueur\/rabia-rami\/bwAESBbp\/\" data-analytics-element=\"ARTICLE_TEXT_LINK\" data-analytics-alias=\"internal\" rel=\"nofollow noopener\" target=\"_blank\">Rabia<\/a> (4) &#8211; Hani (4), <a href=\"https:\/\/www.flashscore.fr\/joueur\/attia-moaaz\/rTaUtZPE\/\" data-analytics-element=\"ARTICLE_TEXT_LINK\" data-analytics-alias=\"internal\" rel=\"nofollow noopener\" target=\"_blank\">Ateya<\/a> (6), Fathi (5), El Fotouh (3) &#8211; <a href=\"https:\/\/www.flashscore.fr\/joueur\/ashour-emam\/fuSVhCZ5\/\" data-analytics-element=\"ARTICLE_TEXT_LINK\" data-analytics-alias=\"internal\" rel=\"nofollow noopener\" target=\"_blank\">Ashour<\/a> (5) &#8211; Salah (3), <a href=\"https:\/\/www.flashscore.fr\/joueur\/marmoush-omar\/44pYRYIC\/\" data-analytics-element=\"ARTICLE_TEXT_LINK\" data-analytics-alias=\"internal\" rel=\"nofollow noopener\" target=\"_blank\">Marmoush<\/a> (4)<\/p>\n<p>Attendu logiquement avant cette demi-finale, le N\u00b010 du S\u00e9n\u00e9gal a su r\u00e9pondre pr\u00e9sent au meilleur des moments. Malgr\u00e9 la domination, ses co\u00e9quipiers ne trouvaient pas la solution jusqu&#8217;\u00e0 son tir de l&#8217;ext\u00e9rieur de la surface \u00e0 la 78\u1d49 minute de jeu. Comme il a su le faire il y a quatre ans, Man\u00e9 parvient ainsi \u00e0 qualifier sa s\u00e9lection pour une nouvelle finale de Coupe d&#8217;Afrique des nations, la troisi\u00e8me en sept ans. En leader, il est logiquement \u00e9lu MVP de cette rencontre.<\/p>\n<p>Les patrons : les Lions de la Teranga<\/p>\n<p>Ce mercredi soir, les hommes de Pape Thiaw ont r\u00e9alis\u00e9 un tr\u00e8s bon match. Certes, ce n&#8217;\u00e9tait pas spectaculaire et un seul but a \u00e9t\u00e9 finalement inscrit, mais globalement, les S\u00e9n\u00e9galais n&#8217;ont jamais sembl\u00e9 \u00eatre en danger, ayant la ma\u00eetrise du ballon de la premi\u00e8re minute jusqu&#8217;au but de Man\u00e9. Match apr\u00e8s match, cette s\u00e9lection avance avec une certaine s\u00e9r\u00e9nit\u00e9 qui devrait leur servir lors de la finale dimanche \u00e0 Rabat. Sur le terrain, le m\u00e9lange entre jeunesse et exp\u00e9rience fait tr\u00e8s bon m\u00e9nage.<\/p>\n<p>Tr\u00e8s int\u00e9ressant en club avec West Ham, le lat\u00e9ral gauche a encore domin\u00e9 son sujet face \u00e0 l&#8217;\u00c9gypte. Offensivement, il a beaucoup tent\u00e9, mais n&#8217;a pas toujours \u00e9t\u00e9 en r\u00e9ussite. Et d\u00e9fensivement, il a su cadenasser la pr\u00e9sence de Salah sur l&#8217;aile gauche. \u00c0 21 ans, il r\u00e9alise une tr\u00e8s belle comp\u00e9tition et nul doute qu&#8217;il aura son r\u00f4le \u00e0 jouer lors de la finale.<\/p>\n<p>Il y avait un match dans le match : Salah contre Man\u00e9. On attendait que l\u2019un des deux soit celui qui fasse la diff\u00e9rence pour son \u00e9quipe, c\u2019est finalement tomb\u00e9 du c\u00f4t\u00e9 du S\u00e9n\u00e9galais. Un match \u00e0 oublier pour l&#8217;\u00c9gyptien, tant sur le plan personnel que collectif, puisque l&#8217;\u00c9gypte et son capitaine n\u2019ont pas su exister avec le ballon. Salah esp\u00e9rait pouvoir marquer l\u2019histoire de son pays apr\u00e8s la CAN remport\u00e9e en 2010&#8230; c&#8217;est rat\u00e9. Et c\u2019\u00e9tait tr\u00e8s certainement sa derni\u00e8re opportunit\u00e9.<\/p>\n","protected":false},"excerpt":{"rendered":"Au terme d&#8217;une rencontre relativement ferm\u00e9e ce mercredi, c&#8217;est le S\u00e9n\u00e9gal qui s&#8217;est qualifi\u00e9 gr\u00e2ce \u00e0 un but&hellip;\n","protected":false},"author":2,"featured_media":24558,"comment_status":"","ping_status":"","sticky":false,"template":"","format":"standard","meta":{"footnotes":""},"categories":[48],"tags":[159],"class_list":{"0":"post-24557","1":"post","2":"type-post","3":"status-publish","4":"format-standard","5":"has-post-thumbnail","7":"category-senegal","8":"tag-senegal"},"share_on_mastodon":{"url":"","error":""},"_links":{"self":[{"href":"https:\/\/www.europesays.com\/africa\/wp-json\/wp\/v2\/posts\/24557","targetHints":{"allow":["GET"]}}],"collection":[{"href":"https:\/\/www.europesays.com\/africa\/wp-json\/wp\/v2\/posts"}],"about":[{"href":"https:\/\/www.europesays.com\/africa\/wp-json\/wp\/v2\/types\/post"}],"author":[{"embeddable":true,"href":"https:\/\/www.europesays.com\/africa\/wp-json\/wp\/v2\/users\/2"}],"replies":[{"embeddable":true,"href":"https:\/\/www.europesays.com\/africa\/wp-json\/wp\/v2\/comments?post=24557"}],"version-history":[{"count":0,"href":"https:\/\/www.europesays.com\/africa\/wp-json\/wp\/v2\/posts\/24557\/revisions"}],"wp:featuredmedia":[{"embeddable":true,"href":"https:\/\/www.europesays.com\/africa\/wp-json\/wp\/v2\/media\/24558"}],"wp:attachment":[{"href":"https:\/\/www.europesays.com\/africa\/wp-json\/wp\/v2\/media?parent=24557"}],"wp:term":[{"taxonomy":"category","embeddable":true,"href":"https:\/\/www.europesays.com\/africa\/wp-json\/wp\/v2\/categories?post=24557"},{"taxonomy":"post_tag","embeddable":true,"href":"https:\/\/www.europesays.com\/africa\/wp-json\/wp\/v2\/tags?post=24557"}],"curies":[{"name":"wp","href":"https:\/\/api.w.org\/{rel}","templated":true}]}}