{"id":24593,"date":"2026-01-15T08:40:06","date_gmt":"2026-01-15T08:40:06","guid":{"rendered":"https:\/\/www.europesays.com\/africa\/24593\/"},"modified":"2026-01-15T08:40:06","modified_gmt":"2026-01-15T08:40:06","slug":"farid-vahid-codirecteur-de-lobservatoire-de-lafrique-du-nord-et-du-moyen-orient-estime-quune-non-intervention-internationale-menera-liran-a-une-guerre-civile","status":"publish","type":"post","link":"https:\/\/www.europesays.com\/africa\/24593\/","title":{"rendered":"Farid Vahid, codirecteur de l&#8217;Observatoire de l&#8217;Afrique du Nord et du Moyen-Orient, estime \u201cqu\u2019une non-intervention internationale m\u00e8nera l\u2019Iran \u00e0 une guerre civile\u201d"},"content":{"rendered":"<p>Farid Vahid, codirecteur de l&#8217;Observatoire de l&#8217;Afrique du Nord et du Moyen-Orient, estime \u201cqu\u2019une non-intervention internationale m\u00e8nera l\u2019Iran \u00e0 une guerre civile\u201dSur le m\u00eame sujet<a href=\"https:\/\/www.bfmtv.com\/international\/moyen-orient\/iran\/video-iran-groenland-le-conseil-de-defense-a-pris-fin_VN-202601150290.html\" title=\"Iran, Groenland...: le conseil de d\u00e9fense a pris fin\" rel=\"nofollow noopener\" target=\"_blank\"><img width=\"16\" height=\"9\" class=\"lozad\"  alt=\"Iran, Groenland...: le conseil de d\u00e9fense a pris fin\"\/>1:06Iran, Groenland&#8230;: le conseil de d\u00e9fense a pris fin<\/a><a href=\"https:\/\/www.bfmtv.com\/international\/moyen-orient\/iran\/video-farid-vahid-codirecteur-de-l-observatoire-de-l-afrique-du-nord-et-du-moyen-orient-estime-qu-une-non-intervention-internationale-menera-l-iran-a-une-guerre-civile_VN-202601150275.html\" title=\"Farid Vahid, codirecteur de l&#039;Observatoire de l&#039;Afrique du Nord et du Moyen-Orient, estime \u201cqu\u2019une non-intervention internationale m\u00e8nera l\u2019Iran \u00e0 une guerre civile\u201d\" rel=\"nofollow noopener\" target=\"_blank\"><img width=\"16\" height=\"9\" class=\"lozad\"  alt=\"Farid Vahid, codirecteur de l'Observatoire de l'Afrique du Nord et du Moyen-Orient, estime \u201cqu\u2019une non-intervention internationale m\u00e8nera l\u2019Iran \u00e0 une guerre civile\u201d\"\/>en lectureFarid Vahid, codirecteur de l&#8217;Observatoire de l&#8217;Afrique du Nord et du Moyen-Orient, estime \u201cqu\u2019une non-intervention internationale m\u00e8nera l\u2019Iran \u00e0 une guerre civile\u201d<\/a><a href=\"https:\/\/www.bfmtv.com\/international\/moyen-orient\/iran\/video-gilles-kepel-specialiste-du-moyen-orient-le-regime-iranien-ne-tient-que-par-la-repression_VN-202601150245.html\" title=\"Gilles Kepel, sp\u00e9cialiste du Moyen-Orient: &quot;Le r\u00e9gime iranien ne tient que par la r\u00e9pression&quot;\" rel=\"nofollow noopener\" target=\"_blank\"><img width=\"16\" height=\"9\" class=\"lozad\"  alt=\"Gilles Kepel, sp\u00e9cialiste du Moyen-Orient: &quot;Le r\u00e9gime iranien ne tient que par la r\u00e9pression&quot;\"\/>1:40Gilles Kepel, sp\u00e9cialiste du Moyen-Orient: &#8220;Le r\u00e9gime iranien ne tient que par la r\u00e9pression&#8221;<\/a><a href=\"https:\/\/www.bfmtv.com\/international\/moyen-orient\/iran\/video-manifestations-en-iran-selon-gilles-kepel-specialiste-du-moyen-orient-donald-trump-met-la-pression-sur-la-republique-islamique_VN-202601150244.html\" title=\"Manifestations en Iran: &quot;Il n&#039;y a pas d&#039;opposition unie qui permettrait de faire tomber le r\u00e9gime&quot;, estime Gilles Kepel, sp\u00e9cialiste du Moyen-Orient\" rel=\"nofollow noopener\" target=\"_blank\"><img width=\"16\" height=\"9\" class=\"lozad\"  alt=\"Manifestations en Iran: &quot;Il n'y a pas d'opposition unie qui permettrait de faire tomber le r\u00e9gime&quot;, estime Gilles Kepel, sp\u00e9cialiste du Moyen-Orient\"\/>2:05Manifestations en Iran: &#8220;Il n&#8217;y a pas d&#8217;opposition unie qui permettrait de faire tomber le r\u00e9gime&#8221;, estime Gilles Kepel, sp\u00e9cialiste du Moyen-Orient<\/a><a href=\"https:\/\/www.bfmtv.com\/replay-emissions\/bfm-premiere\/video-menace-d-annexion-au-groenland-repression-violente-en-iran-emmanuel-macron-convoque-en-urgence-un-conseil-de-defense_VN-202601150212.html\" title=\"Menace d&#039;annexion du Groenland, r\u00e9pression violente en Iran\u2026: Emmanuel Macron convoque en urgence un Conseil de d\u00e9fense\" rel=\"nofollow noopener\" target=\"_blank\"><img width=\"16\" height=\"9\" class=\"lozad\"  alt=\"Menace d'annexion du Groenland, r\u00e9pression violente en Iran\u2026: Emmanuel Macron convoque en urgence un Conseil de d\u00e9fense\"\/>1:16Menace d&#8217;annexion du Groenland, r\u00e9pression violente en Iran\u2026: Emmanuel Macron convoque en urgence un Conseil de d\u00e9fense<\/a><a href=\"https:\/\/www.bfmtv.com\/international\/moyen-orient\/iran\/video-iran-au-moins-3-428-manifestants-tues-depuis-le-debut-du-mouvement-de-contestation-contre-le-pouvoir-selon-l-ong-iran-human-rights_VN-202601150113.html\" title=\"Iran: au moins 3.428 manifestants tu\u00e9s depuis le d\u00e9but du mouvement de contestation contre le pouvoir, selon l&#039;ONG Iran Human Rights\" rel=\"nofollow noopener\" target=\"_blank\"><img width=\"16\" height=\"9\" class=\"lozad\"  alt=\"Iran: au moins 3.428 manifestants tu\u00e9s depuis le d\u00e9but du mouvement de contestation contre le pouvoir, selon l'ONG Iran Human Rights\"\/>1:31Iran: au moins 3.428 manifestants tu\u00e9s depuis le d\u00e9but du mouvement de contestation contre le pouvoir, selon l&#8217;ONG Iran Human Rights<\/a><a href=\"https:\/\/www.bfmtv.com\/international\/moyen-orient\/iran\/video-donald-trump-assure-que-les-tueries-en-iran-ont-pris-fin-mais-laisse-planer-la-menace-d-une-intervention_VN-202601150087.html\" title=\"Donald Trump assure que les &quot;tueries en Iran ont pris fin&quot; mais laisse planer la menace d&#039;une intervention\" rel=\"nofollow noopener\" target=\"_blank\"><img width=\"16\" height=\"9\" class=\"lozad\"  alt=\"Donald Trump assure que les &quot;tueries en Iran ont pris fin&quot; mais laisse planer la menace d'une intervention\"\/>2:13Donald Trump assure que les &#8220;tueries en Iran ont pris fin&#8221; mais laisse planer la menace d&#8217;une intervention<\/a><a href=\"https:\/\/www.bfmtv.com\/replay-emissions\/bfm-grand-soir\/video-iran-coup-de-bluff-ou-reelle-menace-de-donald-trump-14-01_VN-202601141048.html\" title=\"Iran : coup de bluff ou r\u00e9elle menace de Donald Trump ? - 14\/01\" rel=\"nofollow noopener\" target=\"_blank\"><img width=\"16\" height=\"9\" class=\"lozad\"  alt=\"Iran : coup de bluff ou r\u00e9elle menace de Donald Trump ? - 14\/01\"\/>52:46Iran : coup de bluff ou r\u00e9elle menace de Donald Trump ? &#8211; 14\/01<\/a><a href=\"https:\/\/www.bfmtv.com\/international\/moyen-orient\/iran\/video-l-iran-annonce-la-fermeture-de-son-espace-aerien_VN-202601141035.html\" title=\"L&#039;Iran annonce la fermeture de son espace a\u00e9rien\" rel=\"nofollow noopener\" target=\"_blank\"><img width=\"16\" height=\"9\" class=\"lozad\"  alt=\"L'Iran annonce la fermeture de son espace a\u00e9rien\"\/>1:43L&#8217;Iran annonce la fermeture de son espace a\u00e9rien<\/a><a href=\"https:\/\/www.bfmtv.com\/international\/moyen-orient\/iran\/video-erfan-soltani-le-manifestant-iranien-qui-pourrait-etre-le-premier-a-etre-execute-par-le-regime_VN-202601141024.html\" title=\"Erfan Soltani, le manifestant iranien qui pourrait \u00eatre le premier \u00e0 \u00eatre ex\u00e9cut\u00e9 par le r\u00e9gime\" rel=\"nofollow noopener\" target=\"_blank\"><img width=\"16\" height=\"9\" class=\"lozad\"  alt=\"Erfan Soltani, le manifestant iranien qui pourrait \u00eatre le premier \u00e0 \u00eatre ex\u00e9cut\u00e9 par le r\u00e9gime\"\/>2:10Erfan Soltani, le manifestant iranien qui pourrait \u00eatre le premier \u00e0 \u00eatre ex\u00e9cut\u00e9 par le r\u00e9gime<\/a><a href=\"https:\/\/www.bfmtv.com\/international\/moyen-orient\/iran\/video-milice-devouee-au-regime-chargee-de-la-repression-qu-est-ce-que-les-bassidji-en-iran_VN-202601141022.html\" title=\"Milice d\u00e9vou\u00e9e au r\u00e9gime, charg\u00e9e de la r\u00e9pression.. qu&#039;est-ce que les Bassidji en Iran\" rel=\"nofollow noopener\" target=\"_blank\"><img width=\"16\" height=\"9\" class=\"lozad\"  alt=\"Milice d\u00e9vou\u00e9e au r\u00e9gime, charg\u00e9e de la r\u00e9pression.. qu'est-ce que les Bassidji en Iran\"\/>1:03Milice d\u00e9vou\u00e9e au r\u00e9gime, charg\u00e9e de la r\u00e9pression.. qu&#8217;est-ce que les Bassidji en Iran<\/a><a href=\"https:\/\/www.bfmtv.com\/international\/moyen-orient\/iran\/video-donald-trump-affirme-que-des-executions-prevues-aujourd-hui-ont-ete-annulees-en-iran_VN-202601141001.html\" title=\"Donald Trump affirme que des &quot;ex\u00e9cutions pr\u00e9vues aujourd&#039;hui ont \u00e9t\u00e9 annul\u00e9es&quot; en Iran\" rel=\"nofollow noopener\" target=\"_blank\"><img width=\"16\" height=\"9\" class=\"lozad\"  alt=\"Donald Trump affirme que des &quot;ex\u00e9cutions pr\u00e9vues aujourd'hui ont \u00e9t\u00e9 annul\u00e9es&quot; en Iran\"\/>0:46Donald Trump affirme que des &#8220;ex\u00e9cutions pr\u00e9vues aujourd&#8217;hui ont \u00e9t\u00e9 annul\u00e9es&#8221; en Iran<\/a><a href=\"https:\/\/www.bfmtv.com\/international\/moyen-orient\/iran\/video-ces-personnalites-du-regime-iranien-que-les-etats-unis-pourraient-cibler_VN-202601140996.html\" title=\"Ces personnalit\u00e9s du r\u00e9gime iranien que les \u00c9tats-Unis pourraient cibler\" rel=\"nofollow noopener\" target=\"_blank\"><img width=\"16\" height=\"9\" class=\"lozad\"  alt=\"Ces personnalit\u00e9s du r\u00e9gime iranien que les \u00c9tats-Unis pourraient cibler\"\/>1:43Ces personnalit\u00e9s du r\u00e9gime iranien que les \u00c9tats-Unis pourraient cibler<\/a><a href=\"https:\/\/www.bfmtv.com\/international\/moyen-orient\/iran\/video-les-bases-aeriennes-qui-permettraient-aux-etats-unis-de-frapper-l-iran_VN-202601140992.html\" title=\"Les bases a\u00e9riennes qui permettraient aux \u00c9tats-Unis de frapper l&#039;Iran\" rel=\"nofollow noopener\" target=\"_blank\"><img width=\"16\" height=\"9\" class=\"lozad\"  alt=\"Les bases a\u00e9riennes qui permettraient aux \u00c9tats-Unis de frapper l'Iran\"\/>1:49Les bases a\u00e9riennes qui permettraient aux \u00c9tats-Unis de frapper l&#8217;Iran<\/a><a class=\"jumpToVideo\" target=\"_blank\"><img class=\"thumbnailPreview\"\/><\/a><\/p>\n","protected":false},"excerpt":{"rendered":"Farid Vahid, codirecteur de l&#8217;Observatoire de l&#8217;Afrique du Nord et du Moyen-Orient, estime \u201cqu\u2019une non-intervention internationale m\u00e8nera l\u2019Iran&hellip;\n","protected":false},"author":2,"featured_media":24594,"comment_status":"","ping_status":"","sticky":false,"template":"","format":"standard","meta":{"footnotes":""},"categories":[62],"tags":[64],"class_list":{"0":"post-24593","1":"post","2":"type-post","3":"status-publish","4":"format-standard","5":"has-post-thumbnail","7":"category-afrique","8":"tag-afrique"},"share_on_mastodon":{"url":"","error":""},"_links":{"self":[{"href":"https:\/\/www.europesays.com\/africa\/wp-json\/wp\/v2\/posts\/24593","targetHints":{"allow":["GET"]}}],"collection":[{"href":"https:\/\/www.europesays.com\/africa\/wp-json\/wp\/v2\/posts"}],"about":[{"href":"https:\/\/www.europesays.com\/africa\/wp-json\/wp\/v2\/types\/post"}],"author":[{"embeddable":true,"href":"https:\/\/www.europesays.com\/africa\/wp-json\/wp\/v2\/users\/2"}],"replies":[{"embeddable":true,"href":"https:\/\/www.europesays.com\/africa\/wp-json\/wp\/v2\/comments?post=24593"}],"version-history":[{"count":0,"href":"https:\/\/www.europesays.com\/africa\/wp-json\/wp\/v2\/posts\/24593\/revisions"}],"wp:featuredmedia":[{"embeddable":true,"href":"https:\/\/www.europesays.com\/africa\/wp-json\/wp\/v2\/media\/24594"}],"wp:attachment":[{"href":"https:\/\/www.europesays.com\/africa\/wp-json\/wp\/v2\/media?parent=24593"}],"wp:term":[{"taxonomy":"category","embeddable":true,"href":"https:\/\/www.europesays.com\/africa\/wp-json\/wp\/v2\/categories?post=24593"},{"taxonomy":"post_tag","embeddable":true,"href":"https:\/\/www.europesays.com\/africa\/wp-json\/wp\/v2\/tags?post=24593"}],"curies":[{"name":"wp","href":"https:\/\/api.w.org\/{rel}","templated":true}]}}