{"id":24617,"date":"2026-01-15T08:57:14","date_gmt":"2026-01-15T08:57:14","guid":{"rendered":"https:\/\/www.europesays.com\/africa\/24617\/"},"modified":"2026-01-15T08:57:14","modified_gmt":"2026-01-15T08:57:14","slug":"crime-dune-rare-violence-a-yarakh-une-femme-respectee-du-quartier-tuee-dans-lexercice-de-son-travail","status":"publish","type":"post","link":"https:\/\/www.europesays.com\/africa\/24617\/","title":{"rendered":"Crime d\u2019une rare violence \u00e0 Yarakh: une femme respect\u00e9e du quartier tu\u00e9e dans l\u2019exercice de son travail"},"content":{"rendered":"<p>XALIMANEWS: Un drame d\u2019une rare violence s\u2019est produit \u00e0 Yarakh Cappa avec la mort de la g\u00e9rante Ramatoulaye Bald\u00e9, \u00e2g\u00e9e de 32 ans, sauvagement agress\u00e9e dans le multiservices o\u00f9 elle se trouvait. Selon Lib\u00e9ration, l\u2019assaillant lui a exig\u00e9, sous la menace, de lui remettre la caisse. Face \u00e0 son refus et \u00e0 ses cris de d\u00e9tresse, l\u2019individu a sorti un couteau avant de lui ass\u00e9ner froidement un coup de poignard \u00e0 la poitrine.<\/p>\n<p>Gravement touch\u00e9e, la victime a eu la force de prononcer ses derniers mots, \u00ab Diame nama \u00bb (\u00ab il m\u2019a poignard\u00e9e \u00bb), avant de s\u2019effondrer. <\/p>\n<p>Personne \u00e0 mobilit\u00e9 r\u00e9duite, Ramatoulaye Bald\u00e9 \u00e9tait respect\u00e9e et appr\u00e9ci\u00e9e par tous dans le quartier.<\/p>\n<p>Apr\u00e8s son acte, le mis en cause a tent\u00e9 de prendre la fuite mais a \u00e9t\u00e9 poursuivi et appr\u00e9hend\u00e9 par la foule, avant d\u2019\u00eatre sauv\u00e9 d\u2019une mort certaine par la gendarmerie. Interpell\u00e9, il a confi\u00e9 aux enqu\u00eateurs avoir pr\u00e9m\u00e9dit\u00e9 cette agression afin de r\u00e9unir de l\u2019argent pour financer son retour \u00e0 Mboro, d\u2019o\u00f9 il \u00e9tait venu.<\/p>\n","protected":false},"excerpt":{"rendered":"XALIMANEWS: Un drame d\u2019une rare violence s\u2019est produit \u00e0 Yarakh Cappa avec la mort de la g\u00e9rante Ramatoulaye&hellip;\n","protected":false},"author":2,"featured_media":24618,"comment_status":"","ping_status":"","sticky":false,"template":"","format":"standard","meta":{"footnotes":""},"categories":[48],"tags":[159],"class_list":{"0":"post-24617","1":"post","2":"type-post","3":"status-publish","4":"format-standard","5":"has-post-thumbnail","7":"category-senegal","8":"tag-senegal"},"share_on_mastodon":{"url":"","error":""},"_links":{"self":[{"href":"https:\/\/www.europesays.com\/africa\/wp-json\/wp\/v2\/posts\/24617","targetHints":{"allow":["GET"]}}],"collection":[{"href":"https:\/\/www.europesays.com\/africa\/wp-json\/wp\/v2\/posts"}],"about":[{"href":"https:\/\/www.europesays.com\/africa\/wp-json\/wp\/v2\/types\/post"}],"author":[{"embeddable":true,"href":"https:\/\/www.europesays.com\/africa\/wp-json\/wp\/v2\/users\/2"}],"replies":[{"embeddable":true,"href":"https:\/\/www.europesays.com\/africa\/wp-json\/wp\/v2\/comments?post=24617"}],"version-history":[{"count":0,"href":"https:\/\/www.europesays.com\/africa\/wp-json\/wp\/v2\/posts\/24617\/revisions"}],"wp:featuredmedia":[{"embeddable":true,"href":"https:\/\/www.europesays.com\/africa\/wp-json\/wp\/v2\/media\/24618"}],"wp:attachment":[{"href":"https:\/\/www.europesays.com\/africa\/wp-json\/wp\/v2\/media?parent=24617"}],"wp:term":[{"taxonomy":"category","embeddable":true,"href":"https:\/\/www.europesays.com\/africa\/wp-json\/wp\/v2\/categories?post=24617"},{"taxonomy":"post_tag","embeddable":true,"href":"https:\/\/www.europesays.com\/africa\/wp-json\/wp\/v2\/tags?post=24617"}],"curies":[{"name":"wp","href":"https:\/\/api.w.org\/{rel}","templated":true}]}}