{"id":24635,"date":"2026-01-15T09:12:26","date_gmt":"2026-01-15T09:12:26","guid":{"rendered":"https:\/\/www.europesays.com\/africa\/24635\/"},"modified":"2026-01-15T09:12:26","modified_gmt":"2026-01-15T09:12:26","slug":"selections-senegal-egypte-le-resume-video-de-la-demi-finale-sans-mbaye","status":"publish","type":"post","link":"https:\/\/www.europesays.com\/africa\/24635\/","title":{"rendered":"S\u00e9lections : S\u00e9n\u00e9gal\/Egypte, le r\u00e9sum\u00e9 video de la demi-finale sans Mbaye"},"content":{"rendered":"<p>Article\u00a0<\/p>\n<p>En demi-finale de la Coupe d&#8217;Afrique des Nations 2025, le S\u00e9n\u00e9gal \u00e9tait oppos\u00e9 \u00e0 l&#8217;Egypte et il a su se d\u00e9faire du pi\u00e8ge des Pharaons. Le jeune ailier du PSG Ibrahim Mbaye n&#8217;est pas entr\u00e9 en jeu.<\/p>\n<p><img decoding=\"async\" alt=\"En demi-finale de la Coupe d'Afrique des Nations 2025, le S\u00e9n\u00e9gal \u00e9tait oppos\u00e9 \u00e0 l'Egypte et il a su se d\u00e9faire du pi\u00e8ge des Pharaons. Le jeune ailier du PSG Ibrahim Mbaye n'est pas entr\u00e9 en jeu.\" class=\"img-responsive news-img\" src=\"https:\/\/www.europesays.com\/africa\/wp-content\/uploads\/2026\/01\/mbaye_remplacant_215855_psg_angers_22082025.jpg\"\/>Le r\u00e9sum\u00e9 video de S\u00e9n\u00e9gal\/Egypte :<\/p>\n<p>Le match de Mbaye :<\/p>\n<p>Contrairement \u00e0 tous les matches depuis le d\u00e9but de la comp\u00e9tition, l&#8217;ailier du PSG Ibrahim Mbaye n&#8217;est pas entr\u00e9 en jeu alors qu&#8217;il est en g\u00e9n\u00e9ral l&#8217;une des premi\u00e8res options offensives utilis\u00e9es par Pape Thiaw au moment de faire des changements. Le s\u00e9lectionneur du S\u00e9n\u00e9gal a pr\u00e9f\u00e9r\u00e9 l&#8217;exp\u00e9rience de Sarr ou Ndiaye\u00a0\u00e0 la fougue de l&#8217;ailier de 17 ans dans ses changements. Mais en ne jouant pas alors qu&#8217;il \u00e9tait sous la menace d&#8217;une suspension, Mbaye est au moins certain de pouvoir participer \u00e0 la finale.<\/p>\n<p>En finale, le S\u00e9n\u00e9gal affrontera le vainqueur de l&#8217;autre demi-finale entre le Maroc et le Nig\u00e9ria.<\/p>\n<p>Cet article vous a plu ? Partagez le :<br \/>\n<a title=\"Partager sur Facebook\" data-href=\"https:\/\/www.culturepsg.com\/news\/selections\/senegal-egypte-le-resume-video-de-la-demi-finale-sans-mbaye\/58223\" class=\"facebook-share\" href=\"#share-facebook\"><\/a><a title=\"Partager sur Twitter\" data-via=\"culturepsg\" data-url=\"https:\/\/www.culturepsg.com\/news\/selections\/senegal-egypte-le-resume-video-de-la-demi-finale-sans-mbaye\/58223\" data-text=\"S\u00e9n\u00e9gal\/Egypte, le r\u00e9sum\u00e9 video de la demi-finale sans Mbaye\" class=\"twitter-share\" href=\"#share-twitter\"><\/a><\/p>\n","protected":false},"excerpt":{"rendered":"Article\u00a0 En demi-finale de la Coupe d&#8217;Afrique des Nations 2025, le S\u00e9n\u00e9gal \u00e9tait oppos\u00e9 \u00e0 l&#8217;Egypte et il&hellip;\n","protected":false},"author":2,"featured_media":24636,"comment_status":"","ping_status":"","sticky":false,"template":"","format":"standard","meta":{"footnotes":""},"categories":[48],"tags":[159],"class_list":{"0":"post-24635","1":"post","2":"type-post","3":"status-publish","4":"format-standard","5":"has-post-thumbnail","7":"category-senegal","8":"tag-senegal"},"share_on_mastodon":{"url":"","error":""},"_links":{"self":[{"href":"https:\/\/www.europesays.com\/africa\/wp-json\/wp\/v2\/posts\/24635","targetHints":{"allow":["GET"]}}],"collection":[{"href":"https:\/\/www.europesays.com\/africa\/wp-json\/wp\/v2\/posts"}],"about":[{"href":"https:\/\/www.europesays.com\/africa\/wp-json\/wp\/v2\/types\/post"}],"author":[{"embeddable":true,"href":"https:\/\/www.europesays.com\/africa\/wp-json\/wp\/v2\/users\/2"}],"replies":[{"embeddable":true,"href":"https:\/\/www.europesays.com\/africa\/wp-json\/wp\/v2\/comments?post=24635"}],"version-history":[{"count":0,"href":"https:\/\/www.europesays.com\/africa\/wp-json\/wp\/v2\/posts\/24635\/revisions"}],"wp:featuredmedia":[{"embeddable":true,"href":"https:\/\/www.europesays.com\/africa\/wp-json\/wp\/v2\/media\/24636"}],"wp:attachment":[{"href":"https:\/\/www.europesays.com\/africa\/wp-json\/wp\/v2\/media?parent=24635"}],"wp:term":[{"taxonomy":"category","embeddable":true,"href":"https:\/\/www.europesays.com\/africa\/wp-json\/wp\/v2\/categories?post=24635"},{"taxonomy":"post_tag","embeddable":true,"href":"https:\/\/www.europesays.com\/africa\/wp-json\/wp\/v2\/tags?post=24635"}],"curies":[{"name":"wp","href":"https:\/\/api.w.org\/{rel}","templated":true}]}}