{"id":2467,"date":"2026-01-04T10:21:16","date_gmt":"2026-01-04T10:21:16","guid":{"rendered":"https:\/\/www.europesays.com\/africa\/2467\/"},"modified":"2026-01-04T10:21:16","modified_gmt":"2026-01-04T10:21:16","slug":"la-folle-histoire-dayoub-el-kaabi-le-menuisier-buteur-devenu-fabricant-de-bicyclettes-pour-le-maroc","status":"publish","type":"post","link":"https:\/\/www.europesays.com\/africa\/2467\/","title":{"rendered":"La folle histoire d&#8217;Ayoub El Kaabi, le menuisier-buteur devenu fabricant de bicyclettes pour le Maroc"},"content":{"rendered":"<p class=\"ap-StoryElement ap-StoryElement--mb ap-StoryText\">Avant de briller avec les Lions de l&#8217;Atlas, de devenir le sp\u00e9cialiste des bicyclettes (il en a aussi r\u00e9ussi une contre le B\u00e9nin en juin\u00a02025), d&#8217;\u00eatre le meilleur buteur africain de l&#8217;ann\u00e9e 2024 (41 buts) ou de finir meilleur r\u00e9alisateur de la derni\u00e8re Europa League (7 buts), le natif de Casablanca a connu la gal\u00e8re. &#8220;J&#8217;ai grandi dans un bidonville \u00e0 Derb Mila, un endroit que tout le monde conna\u00eet au pays&#8221;, a-t-il racont\u00e9 aux m\u00e9dias marocains.<\/p>\n<p><a href=\"https:\/\/www.dhnet.be\/sports\/football\/coupe-d-afrique-des-nations\/2025\/12\/30\/can-2025-voici-les-treize-pays-deja-qualifies-pour-les-huitiemes-de-finale-YA52MU3PUVC2VFM6HOS65VQX7Y\/\" target=\"_self\" class=\"ap-StoryInterstitialLink ap-StoryElement ap-StoryElement--mb\" rel=\"nofollow noopener\">CAN 2025 : voici les seize pays qualifi\u00e9s pour les huiti\u00e8mes de finale<\/a>Du bidonville \u00e0 la s\u00e9lection<\/p>\n<p class=\"ap-StoryElement ap-StoryElement--mb ap-StoryText\">C&#8217;est l\u00e0 qu&#8217;il a \u00e9t\u00e9 rep\u00e9r\u00e9 en jouant avec des amis. &#8220;Des personnes m&#8217;ont vu et m&#8217;ont assur\u00e9 que j&#8217;\u00e9tais un joueur polyvalent et talentueux. Ils m&#8217;ont dit que je devais devenir footballeur professionnel.&#8221;<\/p>\n<p class=\"ap-StoryElement ap-StoryElement--mb ap-StoryText\">Polyvalent, mais d&#8217;abord form\u00e9 comme\u2026 d\u00e9fenseur au club de Khadija, alors qu&#8217;il r\u00eavait de marquer des buts. Son ascension a toutefois \u00e9t\u00e9 tr\u00e8s lente. Si bien qu&#8217;il n&#8217;a pas obtenu de contrat pro avant ses 21 ans et devait combiner sa vie de footballeur avec son m\u00e9tier de menuisier, apr\u00e8s avoir aussi fait des travaux dans les charpentes ou du nettoyage de tapis.<\/p>\n<p><img loading=\"lazy\" decoding=\"async\" class=\"w-full lazyload lazyload--opacity object-contain\" style=\"aspect-ratio:150 \/ 100;opacity:1\" alt=\"Morocco's Ayoub El Kaabi celebrates after scoring during the Africa Cup of Nations group A soccer match between Morocco and Comoros in Rabat, Morocco, Sunday, Dec. 21, 2025. (AP Photo\/Mosa'ab Elshamy)\" width=\"768\" height=\"512\" fetchpriority=\"auto\" src=\"https:\/\/www.europesays.com\/africa\/wp-content\/uploads\/2026\/01\/S5VKD3X55FFF3BW6V4SEHXNP7I.png\"  data- data-optimumx=\"1\"\/><img loading=\"lazy\" decoding=\"async\" src=\"https:\/\/www.europesays.com\/africa\/wp-content\/uploads\/2026\/01\/S4IW4E4WLZBAPHSIUCFLTJX5C4.jpg\" width=\"768\" height=\"512\" alt=\"Morocco's Ayoub El Kaabi celebrates after scoring during the Africa Cup of Nations group A soccer match between Morocco and Comoros in Rabat, Morocco, Sunday, Dec. 21, 2025. (AP Photo\/Mosa'ab Elshamy)\" class=\"absolute inset-0 w-full\"\/>Ayoub El Kaabi a d\u00e9j\u00e0 marqu\u00e9 trois fois dans cette Can. \u00a9Copyright 2025 The Associated Press. All rights reserved<\/p>\n<p class=\"ap-StoryElement ap-StoryElement--mb ap-StoryText\">&#8220;Je suis n\u00e9 dans une famille modeste\u00a0; pour subvenir \u00e0 mes besoins, il a fallu que j&#8217;apprenne un m\u00e9tier et je me suis lanc\u00e9 dans la menuiserie, a-t-il expliqu\u00e9 aux m\u00e9dias marocains. Mais c&#8217;\u00e9tait un honneur de faire ce job. On apprend la patience. C&#8217;est vraiment formidable car \u00e7a englobe \u00e0 la fois l&#8217;art et la cr\u00e9ativit\u00e9. En plus, c&#8217;est un travail honn\u00eate.&#8221;<\/p>\n<p><a href=\"https:\/\/www.dhnet.be\/sports\/football\/coupe-d-afrique-des-nations\/2026\/01\/01\/can-2025-equipe-suspendue-aubameyang-et-ecuele-manga-ecartes-lelimination-du-gabon-passe-mal-CI6ZRXUXJ5HVJH4LFZYJNAPR6A\/\" target=\"_self\" class=\"ap-StoryInterstitialLink ap-StoryElement ap-StoryElement--mb\" rel=\"nofollow noopener\">CAN 2025: \u00e9quipe suspendue, Aubameyang et Ecuele Manga \u00e9cart\u00e9s, l&#8217;\u00e9limination du Gabon passe mal<\/a><\/p>\n<p class=\"ap-StoryElement ap-StoryElement--mb ap-StoryText\">En 2016, son repositionnement de la d\u00e9fense vers l&#8217;attaque a tout chang\u00e9\u00a0: avec lui, la RAC Casablanca est mont\u00e9e dans l&#8217;\u00e9lite et, fort de 25 buts en 33 matches, le gaucher a rejoint Berkane. O\u00f9 il a continu\u00e9 \u00e0 affoler les compteurs. Jusqu&#8217;\u00e0 faire irruption en s\u00e9lection nationale en 2018.<\/p>\n<p class=\"ap-StoryElement ap-StoryElement--mb ap-StoryText\">En janvier, le Maroc accueille le Championnat d&#8217;Afrique des nations (CHAN), tournoi r\u00e9serv\u00e9 aux joueurs \u00e9voluant sur le continent. Et Ayoub El Kaabi cr\u00e8ve totalement l&#8217;\u00e9cran. Il inscrit neuf buts en six matchs (record absolu sur une \u00e9dition), et d\u00e9croche le titre de meilleur joueur d&#8217;un tournoi remport\u00e9 \u00e0 domicile. &#8220;Ce tournoi a tout chang\u00e9 pour moi&#8221;, a avou\u00e9 celui qui a alors fait le pas vers la vraie s\u00e9lection. Celle alors dirig\u00e9e par Herv\u00e9 Renard et dans laquelle il \u00e9tait le seul \u00e0 \u00e9voluer au pays, avec le gardien de Tanger Ahmed Reda Tagnaouti.<\/p>\n<p>L&#8217;Olympiacos avant l&#8217;OM\u00a0?<\/p>\n<p class=\"ap-StoryElement ap-StoryElement--mb ap-StoryText\">Ce n&#8217;est que trois ans plus tard, apr\u00e8s un passage en Chine, qu&#8217;il rejoint un championnat europ\u00e9en\u00a0: la Turquie et Hatayspor. La grande concurrence chez les attaquants marocains (Youssef En-Nesyri, Abderrazak Hamed-Allah et Walid Cheddira) ne lui permet toutefois pas d&#8217;int\u00e9grer le groupe de Walid Regragui pour la Coupe du monde 2022.<\/p>\n<p><a href=\"https:\/\/www.dhnet.be\/sports\/football\/coupe-d-afrique-des-nations\/2025\/12\/28\/que-vaut-vraiment-luca-zidane-le-fils-de-zizou-qui-eblouit-deja-toute-lalgerie-PY4RSF4TO5HHNNCITOEOPT3JUM\/\" target=\"_self\" class=\"ap-StoryInterstitialLink ap-StoryElement ap-StoryElement--mb\" rel=\"nofollow noopener\">Que vaut vraiment Luca Zidane, le fils de Zizou qui \u00e9blouit d\u00e9j\u00e0 toute l&#8217;Alg\u00e9rie ?<\/a><a href=\"https:\/\/www.dhnet.be\/sports\/football\/coupe-d-afrique-des-nations\/2025\/12\/30\/le-senegal-a-trouve-son-nouveau-sadio-mane-cest-un-joyau-CXDIV3GEPBC4BJFVLMWJTZA45U\/\" target=\"_self\" class=\"ap-StoryInterstitialLink ap-StoryElement ap-StoryElement--mb\" rel=\"nofollow noopener\">Le S\u00e9n\u00e9gal a trouv\u00e9 son nouveau Sadio Man\u00e9 : &#8220;C&#8217;est un joyau&#8221;<\/a><\/p>\n<p class=\"ap-StoryElement ap-StoryElement--mb ap-StoryText\">Mais depuis lors, la hi\u00e9rarchie a chang\u00e9. Gr\u00e2ce \u00e0 sa vraie explosion sur le Vieux continent, arriv\u00e9e en 2023 via son transfert \u00e0 l&#8217;Olympiacos qui a lui a permis de disputer l&#8217;Europa League et, cette saison, la Champions League. Il a d&#8217;ailleurs marqu\u00e9 face\u2026 au FC Barcelone et au Real Madrid. Rien que \u00e7a.<\/p>\n<p class=\"ap-StoryElement ap-StoryElement--mb ap-StoryText\">En fin de contrat dans six mois, Ayoub El Kaabi a d\u00e9j\u00e0 profit\u00e9 de cette Can pour rafra\u00eechir son CV aux yeux du monde entier, malgr\u00e9 ses 32 ans. L&#8217;Olympique de Marseille fait d\u00e9j\u00e0 partie des candidats. Quoi de plus normal, en effet, d&#8217;esp\u00e9rer jouer au V\u00e9lodrome lorsqu&#8217;on est un sp\u00e9cialiste de bicyclette\u2026<\/p>\n<p>guillement<\/p>\n<p class=\"ap-StoryQuote-text\">On fera tout pour rendre heureux les supporters marocains.<\/p>\n<p class=\"ap-StoryElement ap-StoryElement--mb ap-StoryText\">Avant de penser \u00e0 la suite de sa carri\u00e8re, la nouvelle coqueluche marocaine n&#8217;a qu&#8217;une id\u00e9e en t\u00eate\u00a0: battre la Tanzanie puis poursuivre sa route vers la finale. Comme il l&#8217;a fait en 2018 lors de la CHAN, d\u00e9j\u00e0 disput\u00e9e \u00e0 domicile. &#8220;On fera en tout cas tout notre possible pour rendre heureux les supporters marocains&#8221;, a comment\u00e9 celui qui, avec d\u00e9j\u00e0 trois r\u00e9alisations, s&#8217;est aussi positionn\u00e9 pour le titre de meilleur buteur de la comp\u00e9tition.<\/p>\n<p><a href=\"https:\/\/www.dhnet.be\/sports\/football\/coupe-d-afrique-des-nations\/2025\/12\/20\/resultats-historiques-stades-xxl-ambitions-folles-voici-comment-le-maroc-est-devenu-une-superpuissance-du-football-mondial-BFUZRICRAFHKHPSPFTMFFWWRJI\/\" target=\"_self\" class=\"ap-StoryInterstitialLink ap-StoryElement ap-StoryElement--mb\" rel=\"nofollow noopener\">R\u00e9sultats historiques, stades XXL, ambitions folles : voici comment le Maroc est devenu une superpuissance du football mondial<\/a><\/p>\n","protected":false},"excerpt":{"rendered":"Avant de briller avec les Lions de l&#8217;Atlas, de devenir le sp\u00e9cialiste des bicyclettes (il en a aussi&hellip;\n","protected":false},"author":2,"featured_media":2468,"comment_status":"","ping_status":"","sticky":false,"template":"","format":"standard","meta":{"footnotes":""},"categories":[41],"tags":[1659,158],"class_list":{"0":"post-2467","1":"post","2":"type-post","3":"status-publish","4":"format-standard","5":"has-post-thumbnail","7":"category-maroc","8":"tag-horizontal","9":"tag-maroc"},"share_on_mastodon":{"url":"","error":""},"_links":{"self":[{"href":"https:\/\/www.europesays.com\/africa\/wp-json\/wp\/v2\/posts\/2467","targetHints":{"allow":["GET"]}}],"collection":[{"href":"https:\/\/www.europesays.com\/africa\/wp-json\/wp\/v2\/posts"}],"about":[{"href":"https:\/\/www.europesays.com\/africa\/wp-json\/wp\/v2\/types\/post"}],"author":[{"embeddable":true,"href":"https:\/\/www.europesays.com\/africa\/wp-json\/wp\/v2\/users\/2"}],"replies":[{"embeddable":true,"href":"https:\/\/www.europesays.com\/africa\/wp-json\/wp\/v2\/comments?post=2467"}],"version-history":[{"count":0,"href":"https:\/\/www.europesays.com\/africa\/wp-json\/wp\/v2\/posts\/2467\/revisions"}],"wp:featuredmedia":[{"embeddable":true,"href":"https:\/\/www.europesays.com\/africa\/wp-json\/wp\/v2\/media\/2468"}],"wp:attachment":[{"href":"https:\/\/www.europesays.com\/africa\/wp-json\/wp\/v2\/media?parent=2467"}],"wp:term":[{"taxonomy":"category","embeddable":true,"href":"https:\/\/www.europesays.com\/africa\/wp-json\/wp\/v2\/categories?post=2467"},{"taxonomy":"post_tag","embeddable":true,"href":"https:\/\/www.europesays.com\/africa\/wp-json\/wp\/v2\/tags?post=2467"}],"curies":[{"name":"wp","href":"https:\/\/api.w.org\/{rel}","templated":true}]}}