{"id":24675,"date":"2026-01-15T09:37:08","date_gmt":"2026-01-15T09:37:08","guid":{"rendered":"https:\/\/www.europesays.com\/africa\/24675\/"},"modified":"2026-01-15T09:37:08","modified_gmt":"2026-01-15T09:37:08","slug":"can-2026-en-afrique-du-nord-le-football-a-toujours-ete-plus-quun-jeu","status":"publish","type":"post","link":"https:\/\/www.europesays.com\/africa\/24675\/","title":{"rendered":"CAN 2026 : en Afrique du Nord, le football a toujours \u00e9t\u00e9 plus qu&#8217;un jeu"},"content":{"rendered":"<p>La naissance de la premi\u00e8re \u00e9quipe nationale alg\u00e9rienne a quelque chose de cin\u00e9matographique. Nous sommes en 1958. Les Alg\u00e9riens luttaient alors depuis quatre ans pour leur ind\u00e9pendance vis-\u00e0-vis de la France, sous la houlette du Front de lib\u00e9ration nationale (commun\u00e9ment appel\u00e9 FLN). De nombreux Alg\u00e9riens musulmans \u2014 terme utilis\u00e9 par l&#8217;administration coloniale pour d\u00e9signer les populations indig\u00e8nes de la colonie de l&#8217;\u00e9poque \u2014 \u00e9voluent dans le championnat de France de <a href=\"https:\/\/www.gqmagazine.fr\/dossier\/football\" rel=\"nofollow noopener\" target=\"_blank\">football<\/a>.<\/p>\n<p>Les ic\u00f4nes Mustapha Zitounia et Rachid Mekhloufi sont \u00e0 quelques mois de rejoindre les Bleus pour la Coupe du monde en Su\u00e8de. Le 13 avril de cette ann\u00e9e-l\u00e0, Zitounia et Mekhloufi disparaissent, ainsi que neuf joueurs, pour r\u00e9appara\u00eetre un jour plus tard \u00e0 Tunis aux c\u00f4t\u00e9s du pr\u00e9sident tunisien de l&#8217;\u00e9poque, Habib Bourguiba. En une des journaux fran\u00e7ais, ils sont qualifi\u00e9s de \u201ctra\u00eetres\u201d partis rejoindre la lutte alg\u00e9rienne. C&#8217;est ainsi que na\u00eet ce que l&#8217;on appellera plus tard le Onze de l&#8217;Ind\u00e9pendance. \u201cC&#8217;est le seul cas au monde o\u00f9 une \u00e9quipe nationale a \u00e9t\u00e9 cr\u00e9\u00e9e quatre ans avant l&#8217;ind\u00e9pendance effective du pays\u201d, affirme le journaliste sportif alg\u00e9rien Maher Mezahi.<\/p>\n<p><img decoding=\"async\" alt=\"CAN 2026  en Afrique du Nord le football a toujours t plus qu'un jeu\" loading=\"lazy\" class=\"ResponsiveImageContainer-eNxvmU cfBbTk responsive-image__image\"   src=\"https:\/\/www.europesays.com\/africa\/wp-content\/uploads\/2026\/01\/jad20240425-football-maroc-algerie-fln-1958.png\"\/><\/p>\n<p>Pendant quatre ans, l&#8217;\u00e9quipe embarque dans une tourn\u00e9e mondiale, affrontant de nombreux clubs. Le terrain devient une extension du champ de bataille pour l&#8217;ind\u00e9pendance. L&#8217;\u00e9quipe d\u00e9fend l&#8217;id\u00e9e que l&#8217;Alg\u00e9rie doit \u00eatre reconnue comme une nation. Lorsque le pays acc\u00e8de \u00e0 l&#8217;autonomie en juillet 1962, Ferhat Abbas, pr\u00e9sident du premier gouvernement provisoire de la nouvelle r\u00e9publique, d\u00e9clare que l&#8217;\u00e9quipe de football \u201ca fait avancer la cause de dix ans\u201d. \u201cC&#8217;est peut-\u00eatre exag\u00e9r\u00e9, mais c&#8217;est une bonne indication du pouvoir de l&#8217;\u00e9quipe\u201d, ajoute Maher Mezahi.<\/p>\n<p>En <a href=\"https:\/\/www.gqmagazine.fr\/article\/maillots-can-2025-2026\" rel=\"nofollow noopener\" target=\"_blank\">Afrique<\/a>, et plus particuli\u00e8rement en Afrique du Nord, le football a toujours transcend\u00e9 le domaine du sport. Il a non seulement jou\u00e9 un r\u00f4le cl\u00e9 dans la construction de l&#8217;identit\u00e9 de chaque pays, en s&#8217;affranchissant de la perspective du colonisateur, mais a aussi incarn\u00e9 un moyen de lib\u00e9ration. Mais pourquoi le football ? \u201cC&#8217;est simple, c&#8217;est le sport le plus universel et le plus regard\u00e9 au monde. C&#8217;\u00e9tait le meilleur moyen d&#8217;attirer l&#8217;attention de la communaut\u00e9 internationale\u201d, explique Sa\u00efd El Abadi, journaliste et auteur du livre L&#8217;histoire du football africain. C&#8217;est pourquoi le FLN a lanc\u00e9 sa propre \u00e9quipe en 1958 : \u201cD\u00e8s le d\u00e9but, ils ont voulu d\u00e9centraliser la lutte pour le pouvoir dans d&#8217;autres domaines de la vie, pour que ce ne soit pas seulement un combat physique et militaire. L&#8217;\u00e9quipe de football est rest\u00e9e dans l&#8217;imaginaire collectif parce que chacun de ces joueurs \u00e9tait une superstar\u201d, ajoute Mezahi.<\/p>\n","protected":false},"excerpt":{"rendered":"La naissance de la premi\u00e8re \u00e9quipe nationale alg\u00e9rienne a quelque chose de cin\u00e9matographique. Nous sommes en 1958. Les&hellip;\n","protected":false},"author":2,"featured_media":24676,"comment_status":"","ping_status":"","sticky":false,"template":"","format":"standard","meta":{"footnotes":""},"categories":[62],"tags":[64,179,311,310],"class_list":{"0":"post-24675","1":"post","2":"type-post","3":"status-publish","4":"format-standard","5":"has-post-thumbnail","7":"category-afrique","8":"tag-afrique","9":"tag-can-2025","10":"tag-football","11":"tag-sport"},"share_on_mastodon":{"url":"","error":""},"_links":{"self":[{"href":"https:\/\/www.europesays.com\/africa\/wp-json\/wp\/v2\/posts\/24675","targetHints":{"allow":["GET"]}}],"collection":[{"href":"https:\/\/www.europesays.com\/africa\/wp-json\/wp\/v2\/posts"}],"about":[{"href":"https:\/\/www.europesays.com\/africa\/wp-json\/wp\/v2\/types\/post"}],"author":[{"embeddable":true,"href":"https:\/\/www.europesays.com\/africa\/wp-json\/wp\/v2\/users\/2"}],"replies":[{"embeddable":true,"href":"https:\/\/www.europesays.com\/africa\/wp-json\/wp\/v2\/comments?post=24675"}],"version-history":[{"count":0,"href":"https:\/\/www.europesays.com\/africa\/wp-json\/wp\/v2\/posts\/24675\/revisions"}],"wp:featuredmedia":[{"embeddable":true,"href":"https:\/\/www.europesays.com\/africa\/wp-json\/wp\/v2\/media\/24676"}],"wp:attachment":[{"href":"https:\/\/www.europesays.com\/africa\/wp-json\/wp\/v2\/media?parent=24675"}],"wp:term":[{"taxonomy":"category","embeddable":true,"href":"https:\/\/www.europesays.com\/africa\/wp-json\/wp\/v2\/categories?post=24675"},{"taxonomy":"post_tag","embeddable":true,"href":"https:\/\/www.europesays.com\/africa\/wp-json\/wp\/v2\/tags?post=24675"}],"curies":[{"name":"wp","href":"https:\/\/api.w.org\/{rel}","templated":true}]}}